{"id":835,"date":"2012-01-28T01:27:27","date_gmt":"2012-01-28T00:27:27","guid":{"rendered":"http:\/\/madebyamo.oden.st\/?p=835"},"modified":"2012-01-28T16:31:19","modified_gmt":"2012-01-28T15:31:19","slug":"snabb-uppdatering","status":"publish","type":"post","link":"https:\/\/madebyamo.oden.st\/?p=835","title":{"rendered":"Snabb uppdatering"},"content":{"rendered":"<p>Har idag avslutat kantbroderiet&#8230; 49 st sm\u00e5 l\u00f6v har f\u00e5tt sin langettkant. Har \u00e4ven broderat sm\u00e5 motiv p\u00e5 12 av de l\u00f6ven. Imorgon p\u00e5b\u00f6rjas montering, kanske det blir ett och annat impulsbroderi p\u00e5 n\u00e5got mer l\u00f6v d\u00e5, som ombyte. Ruskigt skoj att g\u00e5 bananas p\u00e5 l\u00f6ven. \ud83d\ude00<\/p>\n","protected":false},"excerpt":{"rendered":"<p>Har idag avslutat kantbroderiet&#8230; 49 st sm\u00e5 l\u00f6v har f\u00e5tt sin langettkant. Har \u00e4ven broderat sm\u00e5 motiv p\u00e5 12 av de l\u00f6ven. Imorgon p\u00e5b\u00f6rjas montering, kanske det blir ett och [&hellip;]<\/p>\n","protected":false},"author":1,"featured_media":0,"comment_status":"open","ping_status":"closed","sticky":false,"template":"","format":"standard","meta":[],"categories":[11,1],"tags":[],"_links":{"self":[{"href":"https:\/\/madebyamo.oden.st\/index.php?rest_route=\/wp\/v2\/posts\/835"}],"collection":[{"href":"https:\/\/madebyamo.oden.st\/index.php?rest_route=\/wp\/v2\/posts"}],"about":[{"href":"https:\/\/madebyamo.oden.st\/index.php?rest_route=\/wp\/v2\/types\/post"}],"author":[{"embeddable":true,"href":"https:\/\/madebyamo.oden.st\/index.php?rest_route=\/wp\/v2\/users\/1"}],"replies":[{"embeddable":true,"href":"https:\/\/madebyamo.oden.st\/index.php?rest_route=%2Fwp%2Fv2%2Fcomments&post=835"}],"version-history":[{"count":3,"href":"https:\/\/madebyamo.oden.st\/index.php?rest_route=\/wp\/v2\/posts\/835\/revisions"}],"predecessor-version":[{"id":846,"href":"https:\/\/madebyamo.oden.st\/index.php?rest_route=\/wp\/v2\/posts\/835\/revisions\/846"}],"wp:attachment":[{"href":"https:\/\/madebyamo.oden.st\/index.php?rest_route=%2Fwp%2Fv2%2Fmedia&parent=835"}],"wp:term":[{"taxonomy":"category","embeddable":true,"href":"https:\/\/madebyamo.oden.st\/index.php?rest_route=%2Fwp%2Fv2%2Fcategories&post=835"},{"taxonomy":"post_tag","embeddable":true,"href":"https:\/\/madebyamo.oden.st\/index.php?rest_route=%2Fwp%2Fv2%2Ftags&post=835"}],"curies":[{"name":"wp","href":"https:\/\/api.w.org\/{rel}","templated":true}]}}