{"id":362,"date":"2010-03-28T20:51:34","date_gmt":"2010-03-28T20:51:34","guid":{"rendered":"http:\/\/madebyamo.oden.st\/?p=362"},"modified":"2010-03-28T20:51:34","modified_gmt":"2010-03-28T20:51:34","slug":"earth-hour-2010","status":"publish","type":"post","link":"https:\/\/madebyamo.oden.st\/?p=362","title":{"rendered":"Earth Hour 2010"},"content":{"rendered":"<p>Ig\u00e5r, den 27 mars 2010, var det mellan 20.30 och 21.30 en global manifestation f\u00f6r klimatet. Man skulle sl\u00e4cka ner lampor och st\u00e4nga av on\u00f6diga energislukare. Vad jag tror att m\u00e5nga uppt\u00e4ckte med mig, var att det inte var bara det globala klimatet som m\u00e5dde bra av en lite energisn\u00e5lare stund, utan \u00e4ven vardagsklimatet. Folk t\u00e4nde stearinljus, umgicks. Det pratades en hel del, folk tog det lugnt, mediterade, l\u00e4ste en bok, jordade sig&#8230; Det \u00e4r lyx och man m\u00e5r bra av stund stillhet. Min jordtimme fokuserades p\u00e5 egentid, och jag l\u00e4t fingrarna syssels\u00e4tta sig med ett par sm\u00e5 virkningar medan tankarna kom och gick lite som de ville. &#8220;Resultatet&#8221; blev ett etui f\u00f6r v\u00e5tservetter att ha i handv\u00e4skan, och ett par lyckobollar storlek mini.<\/p>\n<p><a href=\"http:\/\/madebyamo.oden.st\/wp-content\/uploads\/2010\/03\/earth-hour.jpg\"><img decoding=\"async\" loading=\"lazy\" class=\"alignnone size-thumbnail wp-image-363\" title=\"earth hour\" src=\"http:\/\/madebyamo.oden.st\/wp-content\/uploads\/2010\/03\/earth-hour-150x150.jpg\" alt=\"earth hour\" width=\"150\" height=\"150\" \/><\/a><\/p>\n<p><em>Virkade lyckobollar i melerade ullgarner, stora ungef\u00e4r som pingisbollar. Etui i samma garn, annan f\u00e4rgning. Ja, jag kommer troligen ha kvar s\u00e4kerhetsn\u00e5len som st\u00e4ngning, jag gillade den.<br \/>\n<\/em><\/p>\n","protected":false},"excerpt":{"rendered":"<p>Ig\u00e5r, den 27 mars 2010, var det mellan 20.30 och 21.30 en global manifestation f\u00f6r klimatet. Man skulle sl\u00e4cka ner lampor och st\u00e4nga av on\u00f6diga energislukare. Vad jag tror att [&hellip;]<\/p>\n","protected":false},"author":1,"featured_media":0,"comment_status":"open","ping_status":"closed","sticky":false,"template":"","format":"standard","meta":[],"categories":[12],"tags":[],"_links":{"self":[{"href":"https:\/\/madebyamo.oden.st\/index.php?rest_route=\/wp\/v2\/posts\/362"}],"collection":[{"href":"https:\/\/madebyamo.oden.st\/index.php?rest_route=\/wp\/v2\/posts"}],"about":[{"href":"https:\/\/madebyamo.oden.st\/index.php?rest_route=\/wp\/v2\/types\/post"}],"author":[{"embeddable":true,"href":"https:\/\/madebyamo.oden.st\/index.php?rest_route=\/wp\/v2\/users\/1"}],"replies":[{"embeddable":true,"href":"https:\/\/madebyamo.oden.st\/index.php?rest_route=%2Fwp%2Fv2%2Fcomments&post=362"}],"version-history":[{"count":2,"href":"https:\/\/madebyamo.oden.st\/index.php?rest_route=\/wp\/v2\/posts\/362\/revisions"}],"predecessor-version":[{"id":365,"href":"https:\/\/madebyamo.oden.st\/index.php?rest_route=\/wp\/v2\/posts\/362\/revisions\/365"}],"wp:attachment":[{"href":"https:\/\/madebyamo.oden.st\/index.php?rest_route=%2Fwp%2Fv2%2Fmedia&parent=362"}],"wp:term":[{"taxonomy":"category","embeddable":true,"href":"https:\/\/madebyamo.oden.st\/index.php?rest_route=%2Fwp%2Fv2%2Fcategories&post=362"},{"taxonomy":"post_tag","embeddable":true,"href":"https:\/\/madebyamo.oden.st\/index.php?rest_route=%2Fwp%2Fv2%2Ftags&post=362"}],"curies":[{"name":"wp","href":"https:\/\/api.w.org\/{rel}","templated":true}]}}