{"id":1540,"date":"2017-12-05T22:06:34","date_gmt":"2017-12-05T21:06:34","guid":{"rendered":"http:\/\/madebyamo.oden.st\/?p=1540"},"modified":"2018-05-05T22:18:26","modified_gmt":"2018-05-05T20:18:26","slug":"fru-skatas-kjolsack","status":"publish","type":"post","link":"https:\/\/madebyamo.oden.st\/?p=1540","title":{"rendered":"Fru Skatas kjols\u00e4ck"},"content":{"rendered":"<p>&nbsp;<\/p>\n<p>S\u00e5 jag var p\u00e5 lajv i somras och spelade min s\u00f6mmerska Virun.<br \/>\nUnder marknadsdagarna lyckades hon plocka upp ett par best\u00e4llningar. Bland annat ville Fru Skata ha en kjols\u00e4ck med hennes vapen p\u00e5.<br \/>\nKanten b\u00f6rjade jag brodera redan p\u00e5 lajvet men jag l\u00e4mnade sj\u00e4lva vapnet till att g\u00f6ra senare hemma. Fickan \u00e4r fodrad med svart linne och senare sydde jag fast ett svart midjeband i ocks\u00e5.<br \/>\nDet svarta p\u00e5 fj\u00e4drarna \u00e4r sytt med l\u00e4ggs\u00f6m,\u00a0pilarna med f\u00f6rstygn och kanten \u00e4r kedjestygn och\u00a0lagda korsstygn.<br \/>\n<a href=\"http:\/\/madebyamo.oden.st\/?attachment_id=1543\" rel=\"attachment wp-att-1543\"><img decoding=\"async\" loading=\"lazy\" class=\"alignnone size-medium wp-image-1543\" src=\"http:\/\/madebyamo.oden.st\/wp-content\/uploads\/2018\/05\/skatas_vapen-300x267.jpg\" alt=\"skatas_vapen\" width=\"300\" height=\"267\" srcset=\"https:\/\/madebyamo.oden.st\/wp-content\/uploads\/2018\/05\/skatas_vapen-300x267.jpg 300w, https:\/\/madebyamo.oden.st\/wp-content\/uploads\/2018\/05\/skatas_vapen-199x177.jpg 199w, https:\/\/madebyamo.oden.st\/wp-content\/uploads\/2018\/05\/skatas_vapen.jpg 540w\" sizes=\"(max-width: 300px) 100vw, 300px\" \/><\/a>\u00a0 \u00a0\u00a0<a href=\"http:\/\/madebyamo.oden.st\/?attachment_id=1541\" rel=\"attachment wp-att-1541\"><img decoding=\"async\" loading=\"lazy\" class=\"alignnone size-medium wp-image-1541\" src=\"http:\/\/madebyamo.oden.st\/wp-content\/uploads\/2018\/05\/kjols\u00e4ck-skata-225x300.jpg\" alt=\"kjols\u00e4ck skata\" width=\"225\" height=\"300\" srcset=\"https:\/\/madebyamo.oden.st\/wp-content\/uploads\/2018\/05\/kjols\u00e4ck-skata-225x300.jpg 225w, https:\/\/madebyamo.oden.st\/wp-content\/uploads\/2018\/05\/kjols\u00e4ck-skata-199x265.jpg 199w, https:\/\/madebyamo.oden.st\/wp-content\/uploads\/2018\/05\/kjols\u00e4ck-skata.jpg 720w\" sizes=\"(max-width: 225px) 100vw, 225px\" \/><br \/>\n<\/a><\/p>\n","protected":false},"excerpt":{"rendered":"<p>&nbsp; S\u00e5 jag var p\u00e5 lajv i somras och spelade min s\u00f6mmerska Virun. Under marknadsdagarna lyckades hon plocka upp ett par best\u00e4llningar. Bland annat ville Fru Skata ha en kjols\u00e4ck [&hellip;]<\/p>\n","protected":false},"author":1,"featured_media":1542,"comment_status":"open","ping_status":"open","sticky":false,"template":"","format":"standard","meta":[],"categories":[11,5,17],"tags":[],"_links":{"self":[{"href":"https:\/\/madebyamo.oden.st\/index.php?rest_route=\/wp\/v2\/posts\/1540"}],"collection":[{"href":"https:\/\/madebyamo.oden.st\/index.php?rest_route=\/wp\/v2\/posts"}],"about":[{"href":"https:\/\/madebyamo.oden.st\/index.php?rest_route=\/wp\/v2\/types\/post"}],"author":[{"embeddable":true,"href":"https:\/\/madebyamo.oden.st\/index.php?rest_route=\/wp\/v2\/users\/1"}],"replies":[{"embeddable":true,"href":"https:\/\/madebyamo.oden.st\/index.php?rest_route=%2Fwp%2Fv2%2Fcomments&post=1540"}],"version-history":[{"count":2,"href":"https:\/\/madebyamo.oden.st\/index.php?rest_route=\/wp\/v2\/posts\/1540\/revisions"}],"predecessor-version":[{"id":1545,"href":"https:\/\/madebyamo.oden.st\/index.php?rest_route=\/wp\/v2\/posts\/1540\/revisions\/1545"}],"wp:featuredmedia":[{"embeddable":true,"href":"https:\/\/madebyamo.oden.st\/index.php?rest_route=\/wp\/v2\/media\/1542"}],"wp:attachment":[{"href":"https:\/\/madebyamo.oden.st\/index.php?rest_route=%2Fwp%2Fv2%2Fmedia&parent=1540"}],"wp:term":[{"taxonomy":"category","embeddable":true,"href":"https:\/\/madebyamo.oden.st\/index.php?rest_route=%2Fwp%2Fv2%2Fcategories&post=1540"},{"taxonomy":"post_tag","embeddable":true,"href":"https:\/\/madebyamo.oden.st\/index.php?rest_route=%2Fwp%2Fv2%2Ftags&post=1540"}],"curies":[{"name":"wp","href":"https:\/\/api.w.org\/{rel}","templated":true}]}}