{"id":1503,"date":"2017-01-05T20:49:07","date_gmt":"2017-01-05T19:49:07","guid":{"rendered":"http:\/\/madebyamo.oden.st\/?p=1503"},"modified":"2018-05-05T20:57:26","modified_gmt":"2018-05-05T18:57:26","slug":"enkla-mesmor","status":"publish","type":"post","link":"https:\/\/madebyamo.oden.st\/?p=1503","title":{"rendered":"Enkla mesmor"},"content":{"rendered":"<p>Inf\u00f6r en workshop i broderi p\u00e5 Prolog i b\u00f6rjan p\u00e5 mars gjorde jag tv\u00e5 enkla mesmor.<br \/>\nTanken var att deltagarna skulle f\u00e5 prova p\u00e5 sex olika dekors\u00f6mmar och f\u00e5 med sig n\u00e5got anv\u00e4ndbart hem.<\/p>\n<p>&nbsp;<\/p>\n","protected":false},"excerpt":{"rendered":"<p>Inf\u00f6r en workshop i broderi p\u00e5 Prolog i b\u00f6rjan p\u00e5 mars gjorde jag tv\u00e5 enkla mesmor. Tanken var att deltagarna skulle f\u00e5 prova p\u00e5 sex olika dekors\u00f6mmar och f\u00e5 med [&hellip;]<\/p>\n","protected":false},"author":1,"featured_media":1504,"comment_status":"open","ping_status":"open","sticky":false,"template":"","format":"standard","meta":[],"categories":[11,5,17,1],"tags":[],"_links":{"self":[{"href":"https:\/\/madebyamo.oden.st\/index.php?rest_route=\/wp\/v2\/posts\/1503"}],"collection":[{"href":"https:\/\/madebyamo.oden.st\/index.php?rest_route=\/wp\/v2\/posts"}],"about":[{"href":"https:\/\/madebyamo.oden.st\/index.php?rest_route=\/wp\/v2\/types\/post"}],"author":[{"embeddable":true,"href":"https:\/\/madebyamo.oden.st\/index.php?rest_route=\/wp\/v2\/users\/1"}],"replies":[{"embeddable":true,"href":"https:\/\/madebyamo.oden.st\/index.php?rest_route=%2Fwp%2Fv2%2Fcomments&post=1503"}],"version-history":[{"count":3,"href":"https:\/\/madebyamo.oden.st\/index.php?rest_route=\/wp\/v2\/posts\/1503\/revisions"}],"predecessor-version":[{"id":1511,"href":"https:\/\/madebyamo.oden.st\/index.php?rest_route=\/wp\/v2\/posts\/1503\/revisions\/1511"}],"wp:featuredmedia":[{"embeddable":true,"href":"https:\/\/madebyamo.oden.st\/index.php?rest_route=\/wp\/v2\/media\/1504"}],"wp:attachment":[{"href":"https:\/\/madebyamo.oden.st\/index.php?rest_route=%2Fwp%2Fv2%2Fmedia&parent=1503"}],"wp:term":[{"taxonomy":"category","embeddable":true,"href":"https:\/\/madebyamo.oden.st\/index.php?rest_route=%2Fwp%2Fv2%2Fcategories&post=1503"},{"taxonomy":"post_tag","embeddable":true,"href":"https:\/\/madebyamo.oden.st\/index.php?rest_route=%2Fwp%2Fv2%2Ftags&post=1503"}],"curies":[{"name":"wp","href":"https:\/\/api.w.org\/{rel}","templated":true}]}}