{"id":1492,"date":"2016-08-31T22:33:06","date_gmt":"2016-08-31T20:33:06","guid":{"rendered":"http:\/\/madebyamo.oden.st\/?p=1492"},"modified":"2017-01-20T22:34:33","modified_gmt":"2017-01-20T21:34:33","slug":"lajvvast-och-knivskydd","status":"publish","type":"post","link":"https:\/\/madebyamo.oden.st\/?p=1492","title":{"rendered":"lajvv\u00e4st, knivskydd och en p\u00e4ll"},"content":{"rendered":"<p><a href=\"http:\/\/madebyamo.oden.st\/?attachment_id=1493\" rel=\"attachment wp-att-1493\"><img decoding=\"async\" loading=\"lazy\" class=\"alignnone size-medium wp-image-1493\" src=\"http:\/\/madebyamo.oden.st\/wp-content\/uploads\/2017\/01\/14011908_10154088132028173_759724682_n-169x300.jpg\" alt=\"14011908_10154088132028173_759724682_n\" width=\"169\" height=\"300\" srcset=\"https:\/\/madebyamo.oden.st\/wp-content\/uploads\/2017\/01\/14011908_10154088132028173_759724682_n-169x300.jpg 169w, https:\/\/madebyamo.oden.st\/wp-content\/uploads\/2017\/01\/14011908_10154088132028173_759724682_n-199x354.jpg 199w, https:\/\/madebyamo.oden.st\/wp-content\/uploads\/2017\/01\/14011908_10154088132028173_759724682_n.jpg 270w\" sizes=\"(max-width: 169px) 100vw, 169px\" \/><\/a> <a href=\"http:\/\/madebyamo.oden.st\/?attachment_id=1494\" rel=\"attachment wp-att-1494\"><img decoding=\"async\" loading=\"lazy\" class=\"alignnone size-medium wp-image-1494\" src=\"http:\/\/madebyamo.oden.st\/wp-content\/uploads\/2017\/01\/14030726_10154088132023173_165850082_n-169x300.jpg\" alt=\"14030726_10154088132023173_165850082_n\" width=\"169\" height=\"300\" srcset=\"https:\/\/madebyamo.oden.st\/wp-content\/uploads\/2017\/01\/14030726_10154088132023173_165850082_n-169x300.jpg 169w, https:\/\/madebyamo.oden.st\/wp-content\/uploads\/2017\/01\/14030726_10154088132023173_165850082_n-199x354.jpg 199w, https:\/\/madebyamo.oden.st\/wp-content\/uploads\/2017\/01\/14030726_10154088132023173_165850082_n.jpg 270w\" sizes=\"(max-width: 169px) 100vw, 169px\" \/><br \/>\n<\/a><\/p>\n<p>Efter alla broderier till h\u00f6ger och v\u00e4nster bad min dotter om att att jag skulle brodera till henne ocks\u00e5. S\u00e5 jag greppade i princip f\u00f6rsta b\u00e4sta lajvplagg till henne och broderade en kringla p\u00e5 ryggen. Nu ska sj\u00e4lva v\u00e4sten bara kantas ocks\u00e5 s\u00e5 blir den f\u00e4rdig&#8230; (edit januari 2017: kantningen \u00e4r fortfarande ogjord. Ups, d\u00f6k visst upp annat emellan.)<\/p>\n<p>&nbsp;<\/p>\n<p><a href=\"http:\/\/madebyamo.oden.st\/?attachment_id=1495\" rel=\"attachment wp-att-1495\"><img decoding=\"async\" loading=\"lazy\" class=\"alignnone size-medium wp-image-1495\" src=\"http:\/\/madebyamo.oden.st\/wp-content\/uploads\/2017\/01\/14055572_10154095765218173_142145949_n-300x169.jpg\" alt=\"14055572_10154095765218173_142145949_n\" width=\"300\" height=\"169\" srcset=\"https:\/\/madebyamo.oden.st\/wp-content\/uploads\/2017\/01\/14055572_10154095765218173_142145949_n-300x169.jpg 300w, https:\/\/madebyamo.oden.st\/wp-content\/uploads\/2017\/01\/14055572_10154095765218173_142145949_n-199x112.jpg 199w, https:\/\/madebyamo.oden.st\/wp-content\/uploads\/2017\/01\/14055572_10154095765218173_142145949_n.jpg 720w\" sizes=\"(max-width: 300px) 100vw, 300px\" \/><\/a> <a href=\"http:\/\/madebyamo.oden.st\/?attachment_id=1496\" rel=\"attachment wp-att-1496\"><img decoding=\"async\" loading=\"lazy\" class=\"alignnone size-medium wp-image-1496\" src=\"http:\/\/madebyamo.oden.st\/wp-content\/uploads\/2017\/01\/14064234_10154095268238173_8274735418001111007_n.jpg\" alt=\"14064234_10154095268238173_8274735418001111007_n\" width=\"261\" height=\"146\" srcset=\"https:\/\/madebyamo.oden.st\/wp-content\/uploads\/2017\/01\/14064234_10154095268238173_8274735418001111007_n.jpg 261w, https:\/\/madebyamo.oden.st\/wp-content\/uploads\/2017\/01\/14064234_10154095268238173_8274735418001111007_n-199x111.jpg 199w\" sizes=\"(max-width: 261px) 100vw, 261px\" \/><br \/>\n<\/a><\/p>\n<p>Under medeltidsveckan k\u00f6pte jag lite lajvbestick. Men knivarna hade inga skydd. S\u00e5 n\u00e4r jag kom hem sydde jag n\u00e5gra i skinn. Enkla men stilrena om jag f\u00e5r s\u00e4ga det sj\u00e4lv.<\/p>\n<p>&nbsp;<\/p>\n<p>&nbsp;<\/p>\n<p><a href=\"http:\/\/madebyamo.oden.st\/?attachment_id=1497\" rel=\"attachment wp-att-1497\"><img decoding=\"async\" loading=\"lazy\" class=\"alignnone size-medium wp-image-1497\" src=\"http:\/\/madebyamo.oden.st\/wp-content\/uploads\/2017\/01\/wDSC_0003-300x200.jpg\" alt=\"wDSC_0003\" width=\"300\" height=\"200\" srcset=\"https:\/\/madebyamo.oden.st\/wp-content\/uploads\/2017\/01\/wDSC_0003-300x200.jpg 300w, https:\/\/madebyamo.oden.st\/wp-content\/uploads\/2017\/01\/wDSC_0003-199x132.jpg 199w, https:\/\/madebyamo.oden.st\/wp-content\/uploads\/2017\/01\/wDSC_0003.jpg 709w\" sizes=\"(max-width: 300px) 100vw, 300px\" \/><\/a> <a href=\"http:\/\/madebyamo.oden.st\/?attachment_id=1498\" rel=\"attachment wp-att-1498\"><img decoding=\"async\" loading=\"lazy\" class=\"alignnone size-medium wp-image-1498\" src=\"http:\/\/madebyamo.oden.st\/wp-content\/uploads\/2017\/01\/wDSC_0018-300x200.jpg\" alt=\"wDSC_0018\" width=\"300\" height=\"200\" srcset=\"https:\/\/madebyamo.oden.st\/wp-content\/uploads\/2017\/01\/wDSC_0018-300x200.jpg 300w, https:\/\/madebyamo.oden.st\/wp-content\/uploads\/2017\/01\/wDSC_0018-199x132.jpg 199w, https:\/\/madebyamo.oden.st\/wp-content\/uploads\/2017\/01\/wDSC_0018.jpg 709w\" sizes=\"(max-width: 300px) 100vw, 300px\" \/><\/a><\/p>\n<p>&nbsp;<\/p>\n<p>Sa jag att jag sydde en del till Fridas (och Johans) br\u00f6llop? Jo, en gemensam v\u00e4n hade blivit tillfr\u00e5gad om hon inte kunde sy en brudp\u00e4ll \u00e5t dem, och bad mig om hj\u00e4lp. S\u00e5 jag broderade fyra hj\u00e4rtan att s\u00e4tta i h\u00f6rnen p\u00e5 p\u00e4llen, medan Karin broderade hj\u00e4rtat med deras initialer och sedan sydde hon ihop det hela till en f\u00e4rdig p\u00e4ll.<\/p>\n<p><a href=\"http:\/\/madebyamo.oden.st\/?attachment_id=1499\" rel=\"attachment wp-att-1499\"><img decoding=\"async\" loading=\"lazy\" class=\"alignnone size-medium wp-image-1499\" src=\"http:\/\/madebyamo.oden.st\/wp-content\/uploads\/2017\/01\/wDSC_0033-200x300.jpg\" alt=\"wDSC_0033\" width=\"200\" height=\"300\" srcset=\"https:\/\/madebyamo.oden.st\/wp-content\/uploads\/2017\/01\/wDSC_0033-200x300.jpg 200w, https:\/\/madebyamo.oden.st\/wp-content\/uploads\/2017\/01\/wDSC_0033-199x299.jpg 199w, https:\/\/madebyamo.oden.st\/wp-content\/uploads\/2017\/01\/wDSC_0033.jpg 472w\" sizes=\"(max-width: 200px) 100vw, 200px\" \/><\/a><\/p>\n<p>En brudp\u00e4ll \u00e4r allts\u00e5 som en baldakin, ett tygtak som man h\u00e5ller \u00f6ver brudparet under vigseln och vid mottagningen.<\/p>\n","protected":false},"excerpt":{"rendered":"<p>Efter alla broderier till h\u00f6ger och v\u00e4nster bad min dotter om att att jag skulle brodera till henne ocks\u00e5. S\u00e5 jag greppade i princip f\u00f6rsta b\u00e4sta lajvplagg till henne och [&hellip;]<\/p>\n","protected":false},"author":1,"featured_media":1497,"comment_status":"open","ping_status":"open","sticky":false,"template":"","format":"standard","meta":[],"categories":[11,17],"tags":[],"_links":{"self":[{"href":"https:\/\/madebyamo.oden.st\/index.php?rest_route=\/wp\/v2\/posts\/1492"}],"collection":[{"href":"https:\/\/madebyamo.oden.st\/index.php?rest_route=\/wp\/v2\/posts"}],"about":[{"href":"https:\/\/madebyamo.oden.st\/index.php?rest_route=\/wp\/v2\/types\/post"}],"author":[{"embeddable":true,"href":"https:\/\/madebyamo.oden.st\/index.php?rest_route=\/wp\/v2\/users\/1"}],"replies":[{"embeddable":true,"href":"https:\/\/madebyamo.oden.st\/index.php?rest_route=%2Fwp%2Fv2%2Fcomments&post=1492"}],"version-history":[{"count":2,"href":"https:\/\/madebyamo.oden.st\/index.php?rest_route=\/wp\/v2\/posts\/1492\/revisions"}],"predecessor-version":[{"id":1501,"href":"https:\/\/madebyamo.oden.st\/index.php?rest_route=\/wp\/v2\/posts\/1492\/revisions\/1501"}],"wp:featuredmedia":[{"embeddable":true,"href":"https:\/\/madebyamo.oden.st\/index.php?rest_route=\/wp\/v2\/media\/1497"}],"wp:attachment":[{"href":"https:\/\/madebyamo.oden.st\/index.php?rest_route=%2Fwp%2Fv2%2Fmedia&parent=1492"}],"wp:term":[{"taxonomy":"category","embeddable":true,"href":"https:\/\/madebyamo.oden.st\/index.php?rest_route=%2Fwp%2Fv2%2Fcategories&post=1492"},{"taxonomy":"post_tag","embeddable":true,"href":"https:\/\/madebyamo.oden.st\/index.php?rest_route=%2Fwp%2Fv2%2Ftags&post=1492"}],"curies":[{"name":"wp","href":"https:\/\/api.w.org\/{rel}","templated":true}]}}