{"id":1481,"date":"2016-08-20T21:49:33","date_gmt":"2016-08-20T19:49:33","guid":{"rendered":"http:\/\/madebyamo.oden.st\/?p=1481"},"modified":"2017-01-20T22:02:20","modified_gmt":"2017-01-20T21:02:20","slug":"infor-battle-of-wisby","status":"publish","type":"post","link":"https:\/\/madebyamo.oden.st\/?p=1481","title":{"rendered":"Inf\u00f6r Battle of Wisby"},"content":{"rendered":"<p>2016 blev \u00e5ret d\u00e5 jag \u00e5terkom till Medeltidsveckan. Och mer d\u00e4rtill, jag deltog i Battle of wisby, eller snarare Battle of M\u00e4sterby.<br \/>\nDet \u00e4r en \u00e5terskapning av slagen vid M\u00e4sterby respektive Visby och till det beh\u00f6vdes kl\u00e4der sydda enligt 1361 \u00e5rs mode och teknik. (ge och ta ett \u00e5rtionde eller s\u00e5&#8230;)<\/p>\n<p>Det h\u00e4r kl\u00e4derna jag sydde till eventet.<\/p>\n<p><a href=\"http:\/\/madebyamo.oden.st\/?attachment_id=1482\" rel=\"attachment wp-att-1482\"><img decoding=\"async\" loading=\"lazy\" class=\"alignnone size-medium wp-image-1482\" src=\"http:\/\/madebyamo.oden.st\/wp-content\/uploads\/2017\/01\/wDSC_0037-1-200x300.jpg\" alt=\"wDSC_0037\" width=\"200\" height=\"300\" srcset=\"https:\/\/madebyamo.oden.st\/wp-content\/uploads\/2017\/01\/wDSC_0037-1-200x300.jpg 200w, https:\/\/madebyamo.oden.st\/wp-content\/uploads\/2017\/01\/wDSC_0037-1-199x298.jpg 199w, https:\/\/madebyamo.oden.st\/wp-content\/uploads\/2017\/01\/wDSC_0037-1.jpg 473w\" sizes=\"(max-width: 200px) 100vw, 200px\" \/><\/a><\/p>\n<p>Min senapskl\u00e4nning som jag kallar den. Korta \u00e4rmar, tunt ylletyg. \u00c4ven om det kanske inte syns p\u00e5 bilden, s\u00e5 \u00e4r den formsydd redigt tajt till mig. Den blev hur som helst en favorit under hela veckan! Underkl\u00e4nningen \u00e4r \u00e4ven den i ylle, formsydd men lite l\u00f6sare s\u00e5 att jag inte ska beh\u00f6va ha knappar eller sn\u00f6rning i den.<\/p>\n<p>&nbsp;<\/p>\n<p><a href=\"http:\/\/madebyamo.oden.st\/?attachment_id=1483\" rel=\"attachment wp-att-1483\"><img decoding=\"async\" loading=\"lazy\" class=\"alignnone size-medium wp-image-1483\" src=\"http:\/\/madebyamo.oden.st\/wp-content\/uploads\/2017\/01\/wDSC_0130-200x300.jpg\" alt=\"wDSC_0130\" width=\"200\" height=\"300\" srcset=\"https:\/\/madebyamo.oden.st\/wp-content\/uploads\/2017\/01\/wDSC_0130-200x300.jpg 200w, https:\/\/madebyamo.oden.st\/wp-content\/uploads\/2017\/01\/wDSC_0130-199x298.jpg 199w, https:\/\/madebyamo.oden.st\/wp-content\/uploads\/2017\/01\/wDSC_0130.jpg 473w\" sizes=\"(max-width: 200px) 100vw, 200px\" \/><\/a> <a href=\"http:\/\/madebyamo.oden.st\/?attachment_id=1484\" rel=\"attachment wp-att-1484\"><img decoding=\"async\" loading=\"lazy\" class=\"alignnone size-medium wp-image-1484\" src=\"http:\/\/madebyamo.oden.st\/wp-content\/uploads\/2017\/01\/wDSC_0138-200x300.jpg\" alt=\"wDSC_0138\" width=\"200\" height=\"300\" srcset=\"https:\/\/madebyamo.oden.st\/wp-content\/uploads\/2017\/01\/wDSC_0138-200x300.jpg 200w, https:\/\/madebyamo.oden.st\/wp-content\/uploads\/2017\/01\/wDSC_0138-199x299.jpg 199w, https:\/\/madebyamo.oden.st\/wp-content\/uploads\/2017\/01\/wDSC_0138.jpg 472w\" sizes=\"(max-width: 200px) 100vw, 200px\" \/><\/a><\/p>\n<p>Som byte till den senapsf\u00e4rgade sydde jag en surcot med flickslitsar.<\/p>\n<p><a href=\"http:\/\/madebyamo.oden.st\/?attachment_id=1485\" rel=\"attachment wp-att-1485\"><img decoding=\"async\" loading=\"lazy\" class=\"alignnone size-medium wp-image-1485\" src=\"http:\/\/madebyamo.oden.st\/wp-content\/uploads\/2017\/01\/wDSC_0163-200x300.jpg\" alt=\"wDSC_0163\" width=\"200\" height=\"300\" srcset=\"https:\/\/madebyamo.oden.st\/wp-content\/uploads\/2017\/01\/wDSC_0163-200x300.jpg 200w, https:\/\/madebyamo.oden.st\/wp-content\/uploads\/2017\/01\/wDSC_0163-199x299.jpg 199w, https:\/\/madebyamo.oden.st\/wp-content\/uploads\/2017\/01\/wDSC_0163.jpg 472w\" sizes=\"(max-width: 200px) 100vw, 200px\" \/><\/a><\/p>\n<p>Och till de kalla gotlandsvindarna och svala kv\u00e4llarna sydde jag en kn\u00e4ppbar h\u00e4tta. Den \u00e4r kantv\u00e4vd och \u00e4ven den en nyfunnen favorit. Dock fungerade den inte helt bra under stormarna p\u00e5 \u00f6n d\u00e5 det bl\u00e5ste in kalluft p\u00e5 skuldrorna. (Tack Katafalk f\u00f6r bra <a href=\"https:\/\/katafalk.wordpress.com\/2013\/06\/11\/buttoned-and-lined-liripipe\/\">m\u00f6nster<\/a> till den.)<\/p>\n","protected":false},"excerpt":{"rendered":"<p>2016 blev \u00e5ret d\u00e5 jag \u00e5terkom till Medeltidsveckan. Och mer d\u00e4rtill, jag deltog i Battle of wisby, eller snarare Battle of M\u00e4sterby. Det \u00e4r en \u00e5terskapning av slagen vid M\u00e4sterby [&hellip;]<\/p>\n","protected":false},"author":1,"featured_media":1485,"comment_status":"open","ping_status":"open","sticky":false,"template":"","format":"standard","meta":[],"categories":[29,17],"tags":[],"_links":{"self":[{"href":"https:\/\/madebyamo.oden.st\/index.php?rest_route=\/wp\/v2\/posts\/1481"}],"collection":[{"href":"https:\/\/madebyamo.oden.st\/index.php?rest_route=\/wp\/v2\/posts"}],"about":[{"href":"https:\/\/madebyamo.oden.st\/index.php?rest_route=\/wp\/v2\/types\/post"}],"author":[{"embeddable":true,"href":"https:\/\/madebyamo.oden.st\/index.php?rest_route=\/wp\/v2\/users\/1"}],"replies":[{"embeddable":true,"href":"https:\/\/madebyamo.oden.st\/index.php?rest_route=%2Fwp%2Fv2%2Fcomments&post=1481"}],"version-history":[{"count":1,"href":"https:\/\/madebyamo.oden.st\/index.php?rest_route=\/wp\/v2\/posts\/1481\/revisions"}],"predecessor-version":[{"id":1486,"href":"https:\/\/madebyamo.oden.st\/index.php?rest_route=\/wp\/v2\/posts\/1481\/revisions\/1486"}],"wp:featuredmedia":[{"embeddable":true,"href":"https:\/\/madebyamo.oden.st\/index.php?rest_route=\/wp\/v2\/media\/1485"}],"wp:attachment":[{"href":"https:\/\/madebyamo.oden.st\/index.php?rest_route=%2Fwp%2Fv2%2Fmedia&parent=1481"}],"wp:term":[{"taxonomy":"category","embeddable":true,"href":"https:\/\/madebyamo.oden.st\/index.php?rest_route=%2Fwp%2Fv2%2Fcategories&post=1481"},{"taxonomy":"post_tag","embeddable":true,"href":"https:\/\/madebyamo.oden.st\/index.php?rest_route=%2Fwp%2Fv2%2Ftags&post=1481"}],"curies":[{"name":"wp","href":"https:\/\/api.w.org\/{rel}","templated":true}]}}