{"id":984,"date":"2012-09-25T13:33:04","date_gmt":"2012-09-25T11:33:04","guid":{"rendered":"http:\/\/madebyamo.oden.st\/?p=984"},"modified":"2012-09-25T13:33:04","modified_gmt":"2012-09-25T11:33:04","slug":"symote-ett-mysterium-pa-sparen","status":"publish","type":"post","link":"http:\/\/madebyamo.oden.st\/?p=984","title":{"rendered":"Sym\u00f6te: Ett mysterium p\u00e5 sp\u00e5ren&#8230;"},"content":{"rendered":"<p>Idag t\u00e4nkte jag inte visa n\u00e5got jag sj\u00e4lv gjort. Dagens sym\u00f6te \u00e4gnar jag \u00e5t lite grubblerier.<\/p>\n<p>Min mormor bor i Finland, och \u00e4r 98 \u00e5r. Fram till att hon var cirka 80 \u00e5r handarbetade hon flitigt, men p\u00e5 \u00e5lderns h\u00f6st svek b\u00e5de \u00f6gon och h\u00e4nder. Det betyder att hon b\u00f6rjade l\u00e4gga ifr\u00e5n sig handarbetet just innan jag blev intresserad.<\/p>\n<p>Nu sitter jag med ett par oerh\u00f6rt vackra tofflor som hon gjort. Jag har haft flera par i mina \u00e4gor, men det h\u00e4r var de f\u00f6rsta jag fick och de har periodvis anv\u00e4nts flitigt. Nu vill jag l\u00e4ra mig att g\u00f6ra likadana sj\u00e4lv. Men jag kan inte prata med mormor eftersom jag\u00a0inte\u00a0kan finska, hon kan inte l\u00e4nge visa mig rakt av heller. Och n\u00e4r mamma fr\u00e5gar s\u00e5 minns hon inte annat \u00e4n &#8220;Jag har v\u00e4l virkat dem som vanligt antar jag. &#8221;<\/p>\n<p><a href=\"http:\/\/madebyamo.oden.st\/wp-content\/uploads\/2012\/09\/wDSC_00041.jpg\"><img decoding=\"async\" loading=\"lazy\" class=\"aligncenter size-medium wp-image-986\" title=\"wDSC_0004\" src=\"http:\/\/madebyamo.oden.st\/wp-content\/uploads\/2012\/09\/wDSC_00041-300x199.jpg\" alt=\"\" width=\"300\" height=\"199\" srcset=\"http:\/\/madebyamo.oden.st\/wp-content\/uploads\/2012\/09\/wDSC_00041-300x199.jpg 300w, http:\/\/madebyamo.oden.st\/wp-content\/uploads\/2012\/09\/wDSC_00041-150x99.jpg 150w, http:\/\/madebyamo.oden.st\/wp-content\/uploads\/2012\/09\/wDSC_00041-400x265.jpg 400w, http:\/\/madebyamo.oden.st\/wp-content\/uploads\/2012\/09\/wDSC_00041.jpg 591w\" sizes=\"(max-width: 300px) 100vw, 300px\" \/><\/a><\/p>\n<p>S\u00e5 nu sitter jag h\u00e4r och tittar p\u00e5 mina vackra tofflor och funderar, f\u00f6rs\u00f6ker lista ut ett m\u00f6nster&#8230;<\/p>\n<p><a href=\"http:\/\/madebyamo.oden.st\/wp-content\/uploads\/2012\/09\/wDSC_0007.jpg\"><img decoding=\"async\" loading=\"lazy\" class=\"aligncenter size-medium wp-image-987\" title=\"wDSC_0007\" src=\"http:\/\/madebyamo.oden.st\/wp-content\/uploads\/2012\/09\/wDSC_0007-300x199.jpg\" alt=\"\" width=\"300\" height=\"199\" srcset=\"http:\/\/madebyamo.oden.st\/wp-content\/uploads\/2012\/09\/wDSC_0007-300x199.jpg 300w, http:\/\/madebyamo.oden.st\/wp-content\/uploads\/2012\/09\/wDSC_0007-150x99.jpg 150w, http:\/\/madebyamo.oden.st\/wp-content\/uploads\/2012\/09\/wDSC_0007-400x265.jpg 400w, http:\/\/madebyamo.oden.st\/wp-content\/uploads\/2012\/09\/wDSC_0007.jpg 591w\" sizes=\"(max-width: 300px) 100vw, 300px\" \/><\/a><\/p>\n<p style=\"text-align: center;\"><em>\u00d6vre tofflan r\u00e4ttv\u00e4nd, nedre ut och in.<\/em><\/p>\n<p>&nbsp;<\/p>\n<p style=\"text-align: center;\"><a href=\"http:\/\/madebyamo.oden.st\/wp-content\/uploads\/2012\/09\/wDSC_0005.jpg\"><img decoding=\"async\" loading=\"lazy\" class=\"size-medium wp-image-988 aligncenter\" title=\"wDSC_0005\" src=\"http:\/\/madebyamo.oden.st\/wp-content\/uploads\/2012\/09\/wDSC_0005-300x199.jpg\" alt=\"\" width=\"300\" height=\"199\" srcset=\"http:\/\/madebyamo.oden.st\/wp-content\/uploads\/2012\/09\/wDSC_0005-300x199.jpg 300w, http:\/\/madebyamo.oden.st\/wp-content\/uploads\/2012\/09\/wDSC_0005-150x99.jpg 150w, http:\/\/madebyamo.oden.st\/wp-content\/uploads\/2012\/09\/wDSC_0005-400x265.jpg 400w, http:\/\/madebyamo.oden.st\/wp-content\/uploads\/2012\/09\/wDSC_0005.jpg 591w\" sizes=\"(max-width: 300px) 100vw, 300px\" \/><\/a><\/p>\n<p style=\"text-align: center;\"><em>R\u00e4ttv\u00e4nd<\/em><\/p>\n<p style=\"text-align: center;\"><a href=\"http:\/\/madebyamo.oden.st\/wp-content\/uploads\/2012\/09\/wDSC_00081.jpg\"><img decoding=\"async\" loading=\"lazy\" class=\"size-medium wp-image-990 aligncenter\" title=\"wDSC_0008\" src=\"http:\/\/madebyamo.oden.st\/wp-content\/uploads\/2012\/09\/wDSC_00081-300x199.jpg\" alt=\"\" width=\"300\" height=\"199\" srcset=\"http:\/\/madebyamo.oden.st\/wp-content\/uploads\/2012\/09\/wDSC_00081-300x199.jpg 300w, http:\/\/madebyamo.oden.st\/wp-content\/uploads\/2012\/09\/wDSC_00081-150x99.jpg 150w, http:\/\/madebyamo.oden.st\/wp-content\/uploads\/2012\/09\/wDSC_00081-400x265.jpg 400w, http:\/\/madebyamo.oden.st\/wp-content\/uploads\/2012\/09\/wDSC_00081.jpg 591w\" sizes=\"(max-width: 300px) 100vw, 300px\" \/><\/a><\/p>\n<p style=\"text-align: center;\"><em>avigsidan<\/em><\/p>\n<p style=\"text-align: left;\">Kan det vara s\u00e5, att det bl\u00e5a, ljusgula och r\u00f6da p\u00e5 foten helt enkelt \u00e4r vanliga fasta maskor? Fast att den egentliga r\u00e4tsidan \u00e4r v\u00e4nd in i toffeln? Det skarpt gula ser f\u00f6r mina \u00f6gon ut att vara smygmaskor, n\u00e5gon som h\u00e5ller med? Och det beigef\u00e4rgade ovanp\u00e5 foten ser v\u00e4l stickat ut?<\/p>\n<p style=\"text-align: left;\"><a href=\"http:\/\/madebyamo.oden.st\/wp-content\/uploads\/2012\/09\/wDSC_0023.jpg\"><img decoding=\"async\" loading=\"lazy\" class=\"aligncenter size-medium wp-image-991\" title=\"wDSC_0023\" src=\"http:\/\/madebyamo.oden.st\/wp-content\/uploads\/2012\/09\/wDSC_0023-300x199.jpg\" alt=\"\" width=\"300\" height=\"199\" srcset=\"http:\/\/madebyamo.oden.st\/wp-content\/uploads\/2012\/09\/wDSC_0023-300x199.jpg 300w, http:\/\/madebyamo.oden.st\/wp-content\/uploads\/2012\/09\/wDSC_0023-150x99.jpg 150w, http:\/\/madebyamo.oden.st\/wp-content\/uploads\/2012\/09\/wDSC_0023-400x265.jpg 400w, http:\/\/madebyamo.oden.st\/wp-content\/uploads\/2012\/09\/wDSC_0023.jpg 591w\" sizes=\"(max-width: 300px) 100vw, 300px\" \/><\/a><\/p>\n<p style=\"text-align: center;\"><em>R\u00e4ttv\u00e4nd till v\u00e4nster, avigsidan till h\u00f6ger.<\/em><\/p>\n<p style=\"text-align: left;\"><em><\/em><\/p>\n<p>Det gr\u00f6ngula skaftet \u00e4r ju tillverkat p\u00e5 samma s\u00e4tt som sj\u00e4lva foten, och den \u00f6versta helgr\u00f6na delen av skaftet borde enligt min teori vara smygmaskor igen.<\/p>\n<p>N\u00e5gon som har n\u00e5gon annan id\u00e9?<\/p>\n<p>&nbsp;<\/p>\n<p>&nbsp;<\/p>\n","protected":false},"excerpt":{"rendered":"<p>Idag t\u00e4nkte jag inte visa n\u00e5got jag sj\u00e4lv gjort. Dagens sym\u00f6te \u00e4gnar jag \u00e5t lite grubblerier. Min mormor bor i Finland, och \u00e4r 98 \u00e5r. Fram till att hon var [&hellip;]<\/p>\n","protected":false},"author":1,"featured_media":0,"comment_status":"open","ping_status":"open","sticky":false,"template":"","format":"standard","meta":[],"categories":[18,12],"tags":[],"_links":{"self":[{"href":"http:\/\/madebyamo.oden.st\/index.php?rest_route=\/wp\/v2\/posts\/984"}],"collection":[{"href":"http:\/\/madebyamo.oden.st\/index.php?rest_route=\/wp\/v2\/posts"}],"about":[{"href":"http:\/\/madebyamo.oden.st\/index.php?rest_route=\/wp\/v2\/types\/post"}],"author":[{"embeddable":true,"href":"http:\/\/madebyamo.oden.st\/index.php?rest_route=\/wp\/v2\/users\/1"}],"replies":[{"embeddable":true,"href":"http:\/\/madebyamo.oden.st\/index.php?rest_route=%2Fwp%2Fv2%2Fcomments&post=984"}],"version-history":[{"count":1,"href":"http:\/\/madebyamo.oden.st\/index.php?rest_route=\/wp\/v2\/posts\/984\/revisions"}],"predecessor-version":[{"id":992,"href":"http:\/\/madebyamo.oden.st\/index.php?rest_route=\/wp\/v2\/posts\/984\/revisions\/992"}],"wp:attachment":[{"href":"http:\/\/madebyamo.oden.st\/index.php?rest_route=%2Fwp%2Fv2%2Fmedia&parent=984"}],"wp:term":[{"taxonomy":"category","embeddable":true,"href":"http:\/\/madebyamo.oden.st\/index.php?rest_route=%2Fwp%2Fv2%2Fcategories&post=984"},{"taxonomy":"post_tag","embeddable":true,"href":"http:\/\/madebyamo.oden.st\/index.php?rest_route=%2Fwp%2Fv2%2Ftags&post=984"}],"curies":[{"name":"wp","href":"https:\/\/api.w.org\/{rel}","templated":true}]}}