{"id":768,"date":"2011-11-24T12:56:13","date_gmt":"2011-11-24T11:56:13","guid":{"rendered":"http:\/\/madebyamo.oden.st\/?p=768"},"modified":"2011-11-24T12:56:13","modified_gmt":"2011-11-24T11:56:13","slug":"forsta-advent","status":"publish","type":"post","link":"http:\/\/madebyamo.oden.st\/?p=768","title":{"rendered":"F\u00f6rsta advent"},"content":{"rendered":"<p><img decoding=\"async\" loading=\"lazy\" class=\"aligncenter size-medium wp-image-771\" title=\"wDSC_0043\" src=\"http:\/\/madebyamo.oden.st\/wp-content\/uploads\/2011\/11\/wDSC_00431-203x300.jpg\" alt=\"\" width=\"203\" height=\"300\" srcset=\"http:\/\/madebyamo.oden.st\/wp-content\/uploads\/2011\/11\/wDSC_00431-203x300.jpg 203w, http:\/\/madebyamo.oden.st\/wp-content\/uploads\/2011\/11\/wDSC_00431-101x150.jpg 101w, http:\/\/madebyamo.oden.st\/wp-content\/uploads\/2011\/11\/wDSC_00431.jpg 400w\" sizes=\"(max-width: 203px) 100vw, 203px\" \/><\/p>\n<p>Snart snart, i helgen, \u00e4r det f\u00f6rsta advent. Idag var det 8 grader varmt och solen sken. S\u00e5 fram \u00e5kte ett utebord och s\u00e5 passade jag p\u00e5 att dra nytta av att v\u00e5ran gr\u00e4smatta har v\u00e4ldigt mycket mossa p\u00e5 sina st\u00e4llen. Ja faktum \u00e4r, att p\u00e5 framsidan \u00e4r det mer mossmatta \u00e4n gr\u00e4smatta&#8230;<\/p>\n<p>Fram med f\u00f6rra \u00e5rets halmring, rycka mossa, och klippa n\u00e5gra kvistar fr\u00e5n granh\u00e4cken. Sedan nj\u00f6t jag i solen medan jag band kransen. Jag blev hur n\u00f6jd som helst! Nu \u00e4r det verkligen v\u00e4lkomnande att komma till v\u00e5ran d\u00f6rr. Till och med en tomte fick fatta posto i kransen, och hans er ut att m\u00e5 ganska s\u00e5 bra d\u00e4r. \u00a0Om sn\u00f6n kommer innan jul i \u00e5r s\u00e5 ska jag str\u00f6 lite frost p\u00e5 kransen ocks\u00e5.<\/p>\n<p>&nbsp;<\/p>\n<p><a href=\"http:\/\/madebyamo.oden.st\/wp-content\/uploads\/2011\/11\/wDSC_0037.jpg\"><img decoding=\"async\" loading=\"lazy\" class=\"aligncenter size-medium wp-image-769\" title=\"wDSC_0037\" src=\"http:\/\/madebyamo.oden.st\/wp-content\/uploads\/2011\/11\/wDSC_0037-199x300.jpg\" alt=\"\" width=\"199\" height=\"300\" srcset=\"http:\/\/madebyamo.oden.st\/wp-content\/uploads\/2011\/11\/wDSC_0037-199x300.jpg 199w, http:\/\/madebyamo.oden.st\/wp-content\/uploads\/2011\/11\/wDSC_0037-99x150.jpg 99w, http:\/\/madebyamo.oden.st\/wp-content\/uploads\/2011\/11\/wDSC_0037.jpg 393w\" sizes=\"(max-width: 199px) 100vw, 199px\" \/><\/a><\/p>\n<p>&nbsp;<\/p>\n","protected":false},"excerpt":{"rendered":"<p>Snart snart, i helgen, \u00e4r det f\u00f6rsta advent. Idag var det 8 grader varmt och solen sken. S\u00e5 fram \u00e5kte ett utebord och s\u00e5 passade jag p\u00e5 att dra nytta [&hellip;]<\/p>\n","protected":false},"author":1,"featured_media":0,"comment_status":"open","ping_status":"closed","sticky":false,"template":"","format":"standard","meta":[],"categories":[18,20],"tags":[],"_links":{"self":[{"href":"http:\/\/madebyamo.oden.st\/index.php?rest_route=\/wp\/v2\/posts\/768"}],"collection":[{"href":"http:\/\/madebyamo.oden.st\/index.php?rest_route=\/wp\/v2\/posts"}],"about":[{"href":"http:\/\/madebyamo.oden.st\/index.php?rest_route=\/wp\/v2\/types\/post"}],"author":[{"embeddable":true,"href":"http:\/\/madebyamo.oden.st\/index.php?rest_route=\/wp\/v2\/users\/1"}],"replies":[{"embeddable":true,"href":"http:\/\/madebyamo.oden.st\/index.php?rest_route=%2Fwp%2Fv2%2Fcomments&post=768"}],"version-history":[{"count":1,"href":"http:\/\/madebyamo.oden.st\/index.php?rest_route=\/wp\/v2\/posts\/768\/revisions"}],"predecessor-version":[{"id":772,"href":"http:\/\/madebyamo.oden.st\/index.php?rest_route=\/wp\/v2\/posts\/768\/revisions\/772"}],"wp:attachment":[{"href":"http:\/\/madebyamo.oden.st\/index.php?rest_route=%2Fwp%2Fv2%2Fmedia&parent=768"}],"wp:term":[{"taxonomy":"category","embeddable":true,"href":"http:\/\/madebyamo.oden.st\/index.php?rest_route=%2Fwp%2Fv2%2Fcategories&post=768"},{"taxonomy":"post_tag","embeddable":true,"href":"http:\/\/madebyamo.oden.st\/index.php?rest_route=%2Fwp%2Fv2%2Ftags&post=768"}],"curies":[{"name":"wp","href":"https:\/\/api.w.org\/{rel}","templated":true}]}}