{"id":722,"date":"2011-09-28T11:59:14","date_gmt":"2011-09-28T09:59:14","guid":{"rendered":"http:\/\/madebyamo.oden.st\/?p=722"},"modified":"2011-09-28T12:00:10","modified_gmt":"2011-09-28T10:00:10","slug":"fruktpasar","status":"publish","type":"post","link":"http:\/\/madebyamo.oden.st\/?p=722","title":{"rendered":"Fruktp\u00e5sar"},"content":{"rendered":"<p>Nu har jag pysslat en hel del, men jag har bara ett v\u00e4ldigt tomt kamerabatteri, s\u00e5 de flesta sakerna f\u00e5r v\u00e4nta en stund innan de hamnar h\u00e4r. Men ett foto fick jag till innan kameran dog&#8230;<\/p>\n<p><a href=\"http:\/\/madebyamo.oden.st\/wp-content\/uploads\/2011\/09\/w2011-09-27-10.24.242.jpg\"><img decoding=\"async\" loading=\"lazy\" class=\"aligncenter size-medium wp-image-725\" title=\"w2011-09-27 10.24.24\" src=\"http:\/\/madebyamo.oden.st\/wp-content\/uploads\/2011\/09\/w2011-09-27-10.24.242-300x224.jpg\" alt=\"\" width=\"300\" height=\"224\" srcset=\"http:\/\/madebyamo.oden.st\/wp-content\/uploads\/2011\/09\/w2011-09-27-10.24.242-300x224.jpg 300w, http:\/\/madebyamo.oden.st\/wp-content\/uploads\/2011\/09\/w2011-09-27-10.24.242-150x112.jpg 150w, http:\/\/madebyamo.oden.st\/wp-content\/uploads\/2011\/09\/w2011-09-27-10.24.242-400x299.jpg 400w, http:\/\/madebyamo.oden.st\/wp-content\/uploads\/2011\/09\/w2011-09-27-10.24.242.jpg 591w\" sizes=\"(max-width: 300px) 100vw, 300px\" \/><\/a><\/p>\n<p>Ig\u00e5r var kyrkis inst\u00e4llt d\u00e5 fr\u00f6knarna skulle p\u00e5 kurs. F\u00f6rra veckan sydde jag sm\u00e5 p\u00e5sar att ha frukt med till kyrkis i. En till dotera som nyss b\u00f6rjat, och en till buspojken hos dagmamman vars far (?) hade tappat bort hans p\u00e5se fr\u00e5n f\u00f6rra \u00e5ret. Och s\u00e5 en till Spinkevinken ocks\u00e5 f\u00f6r att han ville ha en&#8230;<\/p>\n<p>Ig\u00e5r var som sagt kyrkis inst\u00e4llt, men ist\u00e4llet skulle de 4 st\u00f6rre barnen \u00e5ka p\u00e5 utflykt till ett lekland. Busan ville s\u00e5 klart packa sin kyrkisp\u00e5se, fast till den hemliga utflykten ist\u00e4llet. Med tre barn av fyra som har en egen fruktp\u00e5se s\u00e5 t\u00e4nkte jag att jag sv\u00e4nger ihop en liten fruktp\u00e5se till s\u00e5 att alla p\u00e5 utflykten har. Jag tar fram tyg, och vips har spinkevinken hittat ett annat tyg som han vill ha en p\u00e5se i. Tja, varf\u00f6r inte, jag hade ju tiden, tyget, och hans p\u00e5se var ju inte hemma s\u00e5 han kunde jag faktiskt inte packa sin p\u00e5se p\u00e5 morgonen&#8230; Det slutade med att jag sydde 6 p\u00e5sar&#8230;<\/p>\n<p>En r\u00f6d till tjejen som saknade p\u00e5se, en med fj\u00e4rilar till Spinkevinken, en till med fj\u00e4rilar till Busan, tv\u00e5 mindre till sm\u00e5barnen att leka med hos dagmamman. Ja och n\u00e4r jag \u00e4nd\u00e5 var i farten s\u00e5 passade jag p\u00e5 att g\u00f6ra mig sj\u00e4lv en extrap\u00e5se ocks\u00e5. En s\u00e5dan d\u00e4r tunn som inte tar plats i handv\u00e4skan, men som \u00e4r s\u00e5 bra n\u00e4r man inte vill ha aff\u00e4rernas plastp\u00e5sar.<\/p>\n<p>Sedan fotades fruktp\u00e5sarna snabbt och s\u00e5 bar det iv\u00e4g till dagmamman. Gissa om barnen lev glada! P\u00e5sarna \u00e4r s\u00e5d\u00e4r\u00a0lagom\u00a0stora att ha en frukt i, att leka aff\u00e4r med, eller att stuva i snutten i.<\/p>\n","protected":false},"excerpt":{"rendered":"<p>Nu har jag pysslat en hel del, men jag har bara ett v\u00e4ldigt tomt kamerabatteri, s\u00e5 de flesta sakerna f\u00e5r v\u00e4nta en stund innan de hamnar h\u00e4r. Men ett foto [&hellip;]<\/p>\n","protected":false},"author":1,"featured_media":0,"comment_status":"open","ping_status":"closed","sticky":false,"template":"","format":"standard","meta":[],"categories":[17],"tags":[],"_links":{"self":[{"href":"http:\/\/madebyamo.oden.st\/index.php?rest_route=\/wp\/v2\/posts\/722"}],"collection":[{"href":"http:\/\/madebyamo.oden.st\/index.php?rest_route=\/wp\/v2\/posts"}],"about":[{"href":"http:\/\/madebyamo.oden.st\/index.php?rest_route=\/wp\/v2\/types\/post"}],"author":[{"embeddable":true,"href":"http:\/\/madebyamo.oden.st\/index.php?rest_route=\/wp\/v2\/users\/1"}],"replies":[{"embeddable":true,"href":"http:\/\/madebyamo.oden.st\/index.php?rest_route=%2Fwp%2Fv2%2Fcomments&post=722"}],"version-history":[{"count":2,"href":"http:\/\/madebyamo.oden.st\/index.php?rest_route=\/wp\/v2\/posts\/722\/revisions"}],"predecessor-version":[{"id":727,"href":"http:\/\/madebyamo.oden.st\/index.php?rest_route=\/wp\/v2\/posts\/722\/revisions\/727"}],"wp:attachment":[{"href":"http:\/\/madebyamo.oden.st\/index.php?rest_route=%2Fwp%2Fv2%2Fmedia&parent=722"}],"wp:term":[{"taxonomy":"category","embeddable":true,"href":"http:\/\/madebyamo.oden.st\/index.php?rest_route=%2Fwp%2Fv2%2Fcategories&post=722"},{"taxonomy":"post_tag","embeddable":true,"href":"http:\/\/madebyamo.oden.st\/index.php?rest_route=%2Fwp%2Fv2%2Ftags&post=722"}],"curies":[{"name":"wp","href":"https:\/\/api.w.org\/{rel}","templated":true}]}}