{"id":547,"date":"2010-10-17T20:01:57","date_gmt":"2010-10-17T18:01:57","guid":{"rendered":"http:\/\/madebyamo.oden.st\/?p=547"},"modified":"2010-10-17T20:05:16","modified_gmt":"2010-10-17T18:05:16","slug":"stickpasebyte","status":"publish","type":"post","link":"http:\/\/madebyamo.oden.st\/?p=547","title":{"rendered":"Stickp\u00e5sebyte"},"content":{"rendered":"<p style=\"text-align: center;\">S\u00e5d\u00e4r, ny borde b\u00e5da mina p\u00e5sar ha hittat hem.<\/p>\n<p style=\"text-align: center;\">Jag var med i ett stickp\u00e5sebyte hos <a href=\"http:\/\/http\/\/www.stickamera.se\/stickpasebyte1.php\">Stickamera<\/a> under september. (Stickp\u00e5se? Ja en s\u00e5dan man har stickningen i. Men du  stickar ju inte? Nej, men pysselp\u00e5sar kan man alltid ha nytta av.)  F\u00f6rst syr jag en p\u00e5se med handtag och massor med fickor, t\u00e4nkt att ha  med sig p\u00e5 stickcaf\u00e9er eller om man inte har en stickning p\u00e5 g\u00e5ng, ha  som vanlig kasse. Den skickar jag glad i h\u00e5gen till Jeanette i Finland.  Lite stressad som jag var tittade jag inte p\u00e5 mailet f\u00f6r adressen utan  tar avs\u00e4ndaradressen p\u00e5\u00a0 paketet som jag f\u00e5tt en vecka tidigare.<\/p>\n<p style=\"text-align: center;\"><a href=\"http:\/\/madebyamo.oden.st\/wp-content\/uploads\/2010\/10\/DSC_0077w.jpg\"><img decoding=\"async\" loading=\"lazy\" class=\"aligncenter size-medium wp-image-548\" title=\"DSC_0077w\" src=\"http:\/\/madebyamo.oden.st\/wp-content\/uploads\/2010\/10\/DSC_0077w-228x300.jpg\" alt=\"\" width=\"228\" height=\"300\" srcset=\"http:\/\/madebyamo.oden.st\/wp-content\/uploads\/2010\/10\/DSC_0077w-228x300.jpg 228w, http:\/\/madebyamo.oden.st\/wp-content\/uploads\/2010\/10\/DSC_0077w-114x150.jpg 114w, http:\/\/madebyamo.oden.st\/wp-content\/uploads\/2010\/10\/DSC_0077w-400x525.jpg 400w, http:\/\/madebyamo.oden.st\/wp-content\/uploads\/2010\/10\/DSC_0077w.jpg 450w\" sizes=\"(max-width: 228px) 100vw, 228px\" \/><\/a><\/p>\n<p style=\"text-align: center;\">Hon blir glad, och lite \u00f6verraskad. D\u00e5 inser jag att bytet inte skulle ske parvis, utan att min mottagare faktiskt inte alls bodde i Finland, och inte hette hon Jeanette heller, utan Mary-Ann.<\/p>\n<p style=\"text-align: center;\">Som tur var hade jag tyg till en p\u00e5se till. Fast den h\u00e4r g\u00e5ngen valde jag att g\u00f6ra en annan variant. En som man kan st\u00e4nga med hj\u00e4lp av en dragsko, men \u00e4ven denna med fickor b\u00e5de p\u00e5 insidan och utsidan. Fickorna fyllde jag med lite b\u00f6cker, ett mobilfodral ( alt ipod, v\u00e5tservetter eller annat bra att ha i ett litet fodral.) och en liten lyckoboll att f\u00e4sta p\u00e5 v\u00e4skan.<\/p>\n<p style=\"text-align: center;\"><a href=\"http:\/\/madebyamo.oden.st\/wp-content\/uploads\/2010\/10\/DSC_0017w.jpg\"><img decoding=\"async\" loading=\"lazy\" class=\"aligncenter size-medium wp-image-549\" title=\"DSC_0017w\" src=\"http:\/\/madebyamo.oden.st\/wp-content\/uploads\/2010\/10\/DSC_0017w-300x294.jpg\" alt=\"\" width=\"300\" height=\"294\" srcset=\"http:\/\/madebyamo.oden.st\/wp-content\/uploads\/2010\/10\/DSC_0017w-300x294.jpg 300w, http:\/\/madebyamo.oden.st\/wp-content\/uploads\/2010\/10\/DSC_0017w-150x147.jpg 150w, http:\/\/madebyamo.oden.st\/wp-content\/uploads\/2010\/10\/DSC_0017w-400x392.jpg 400w, http:\/\/madebyamo.oden.st\/wp-content\/uploads\/2010\/10\/DSC_0017w.jpg 472w\" sizes=\"(max-width: 300px) 100vw, 300px\" \/><\/a><\/p>\n<p style=\"text-align: center;\">\n","protected":false},"excerpt":{"rendered":"<p>S\u00e5d\u00e4r, ny borde b\u00e5da mina p\u00e5sar ha hittat hem. Jag var med i ett stickp\u00e5sebyte hos Stickamera under september. (Stickp\u00e5se? Ja en s\u00e5dan man har stickningen i. Men du stickar [&hellip;]<\/p>\n","protected":false},"author":1,"featured_media":0,"comment_status":"open","ping_status":"closed","sticky":false,"template":"","format":"standard","meta":[],"categories":[17],"tags":[],"_links":{"self":[{"href":"http:\/\/madebyamo.oden.st\/index.php?rest_route=\/wp\/v2\/posts\/547"}],"collection":[{"href":"http:\/\/madebyamo.oden.st\/index.php?rest_route=\/wp\/v2\/posts"}],"about":[{"href":"http:\/\/madebyamo.oden.st\/index.php?rest_route=\/wp\/v2\/types\/post"}],"author":[{"embeddable":true,"href":"http:\/\/madebyamo.oden.st\/index.php?rest_route=\/wp\/v2\/users\/1"}],"replies":[{"embeddable":true,"href":"http:\/\/madebyamo.oden.st\/index.php?rest_route=%2Fwp%2Fv2%2Fcomments&post=547"}],"version-history":[{"count":3,"href":"http:\/\/madebyamo.oden.st\/index.php?rest_route=\/wp\/v2\/posts\/547\/revisions"}],"predecessor-version":[{"id":551,"href":"http:\/\/madebyamo.oden.st\/index.php?rest_route=\/wp\/v2\/posts\/547\/revisions\/551"}],"wp:attachment":[{"href":"http:\/\/madebyamo.oden.st\/index.php?rest_route=%2Fwp%2Fv2%2Fmedia&parent=547"}],"wp:term":[{"taxonomy":"category","embeddable":true,"href":"http:\/\/madebyamo.oden.st\/index.php?rest_route=%2Fwp%2Fv2%2Fcategories&post=547"},{"taxonomy":"post_tag","embeddable":true,"href":"http:\/\/madebyamo.oden.st\/index.php?rest_route=%2Fwp%2Fv2%2Ftags&post=547"}],"curies":[{"name":"wp","href":"https:\/\/api.w.org\/{rel}","templated":true}]}}