{"id":429,"date":"2010-07-17T14:29:44","date_gmt":"2010-07-17T12:29:44","guid":{"rendered":"http:\/\/madebyamo.oden.st\/?p=429"},"modified":"2010-07-17T14:29:44","modified_gmt":"2010-07-17T12:29:44","slug":"varat-nyckelskap","status":"publish","type":"post","link":"http:\/\/madebyamo.oden.st\/?p=429","title":{"rendered":"v\u00e5rat nyckelsk\u00e5p"},"content":{"rendered":"<p>F\u00f6r m\u00e5nga \u00e5r sedan s\u00e5 hade jag en period d\u00e5 jag m\u00e5lade nyckelsk\u00e5p. Sv\u00e4rmor fick ett med v\u00e4rmlands landskapsblomma Skogsstj\u00e4rna p\u00e5, och en v\u00e4n till mig fick ett med en runsten p\u00e5. Vi bodde i Uppsala och till oss sj\u00e4lva m\u00e5lade jag ett bl\u00e5gr\u00e5tt nyckelsk\u00e5p med siluetten av v\u00e5r favoritstad, Uppsala, p\u00e5.\u00a0 Jag \u00e4lskade nyckelsk\u00e5pet som jag tyckte var ett rent smycke f\u00f6r hallen, men sedan n\u00e4r vi flyttade till S\u00f6rmland ett par \u00e5r s\u00e5 stod den mest f\u00f6r saknaden tillbaka till Uppland. Vacker men lite sorgset satt den p\u00e5 v\u00e4ggen och fick oss att l\u00e4ngta &#8220;hem&#8221;. N\u00e4stan tre \u00e5r bodde vi i S\u00f6rmland innan vi tog ett beslut och sonika flyttade tillbaka hem till Uppland. Nu bor vi p\u00e5 landet utanf\u00f6r Uppsala, och \u00e4r verkligen hemma. Och p\u00e5 v\u00e4ggen sitter mitt Nyckelsk\u00e5p! Flera g\u00e5nger varje dag g\u00e5r jag f\u00f6rbi det, och ofta tittar jag p\u00e5 det och k\u00e4nner att nu, nu \u00e4r b\u00e5de jag och nyckelsk\u00e5p p\u00e5 r\u00e4tt plats.<\/p>\n<p><a href=\"http:\/\/madebyamo.oden.st\/wp-content\/uploads\/2010\/07\/DSC_0055w.jpg\"><img decoding=\"async\" loading=\"lazy\" class=\"alignnone size-medium wp-image-430\" title=\"DSC_0055w\" src=\"http:\/\/madebyamo.oden.st\/wp-content\/uploads\/2010\/07\/DSC_0055w-220x300.jpg\" alt=\"DSC_0055w\" width=\"220\" height=\"300\" srcset=\"http:\/\/madebyamo.oden.st\/wp-content\/uploads\/2010\/07\/DSC_0055w-220x300.jpg 220w, http:\/\/madebyamo.oden.st\/wp-content\/uploads\/2010\/07\/DSC_0055w.jpg 434w\" sizes=\"(max-width: 220px) 100vw, 220px\" \/><\/a><\/p>\n<p>Det \u00e4r ett gammalt pyssel, men jag blir glad av det, och jag har nu under sommaren koncentrerat mitt pysslande p\u00e5 tv\u00e5 saker, virkning och att g\u00f6ra i ordning min atelj\u00e9h\u00f6rna.<\/p>\n","protected":false},"excerpt":{"rendered":"<p>F\u00f6r m\u00e5nga \u00e5r sedan s\u00e5 hade jag en period d\u00e5 jag m\u00e5lade nyckelsk\u00e5p. Sv\u00e4rmor fick ett med v\u00e4rmlands landskapsblomma Skogsstj\u00e4rna p\u00e5, och en v\u00e4n till mig fick ett med en [&hellip;]<\/p>\n","protected":false},"author":1,"featured_media":0,"comment_status":"open","ping_status":"closed","sticky":false,"template":"","format":"standard","meta":[],"categories":[5],"tags":[],"_links":{"self":[{"href":"http:\/\/madebyamo.oden.st\/index.php?rest_route=\/wp\/v2\/posts\/429"}],"collection":[{"href":"http:\/\/madebyamo.oden.st\/index.php?rest_route=\/wp\/v2\/posts"}],"about":[{"href":"http:\/\/madebyamo.oden.st\/index.php?rest_route=\/wp\/v2\/types\/post"}],"author":[{"embeddable":true,"href":"http:\/\/madebyamo.oden.st\/index.php?rest_route=\/wp\/v2\/users\/1"}],"replies":[{"embeddable":true,"href":"http:\/\/madebyamo.oden.st\/index.php?rest_route=%2Fwp%2Fv2%2Fcomments&post=429"}],"version-history":[{"count":1,"href":"http:\/\/madebyamo.oden.st\/index.php?rest_route=\/wp\/v2\/posts\/429\/revisions"}],"predecessor-version":[{"id":431,"href":"http:\/\/madebyamo.oden.st\/index.php?rest_route=\/wp\/v2\/posts\/429\/revisions\/431"}],"wp:attachment":[{"href":"http:\/\/madebyamo.oden.st\/index.php?rest_route=%2Fwp%2Fv2%2Fmedia&parent=429"}],"wp:term":[{"taxonomy":"category","embeddable":true,"href":"http:\/\/madebyamo.oden.st\/index.php?rest_route=%2Fwp%2Fv2%2Fcategories&post=429"},{"taxonomy":"post_tag","embeddable":true,"href":"http:\/\/madebyamo.oden.st\/index.php?rest_route=%2Fwp%2Fv2%2Ftags&post=429"}],"curies":[{"name":"wp","href":"https:\/\/api.w.org\/{rel}","templated":true}]}}