{"id":409,"date":"2010-06-24T11:11:07","date_gmt":"2010-06-24T09:11:07","guid":{"rendered":"http:\/\/madebyamo.oden.st\/?p=409"},"modified":"2010-08-05T23:23:48","modified_gmt":"2010-08-05T21:23:48","slug":"kokspyssel","status":"publish","type":"post","link":"http:\/\/madebyamo.oden.st\/?p=409","title":{"rendered":"k\u00f6kspyssel"},"content":{"rendered":"<p>Ja, inte blir det s\u00e5 v\u00e4ldigt mycket sl\u00f6jdande nu under f\u00f6rsommaren. Jag syr och broderar p\u00e5 praktiken, och p\u00e5 bussen virkar jag. Men det hinner inte bli m\u00e5nga varv virkade per tur, s\u00e5 det tar sin lilla tid. Hemma \u00e4r det just nu annat pyssel som g\u00e4ller.<\/p>\n<p><a href=\"http:\/\/madebyamo.oden.st\/wp-content\/uploads\/2010\/06\/DSC_0008w1.jpg\"><img decoding=\"async\" loading=\"lazy\" class=\"alignnone size-medium wp-image-413\" title=\"DSC_0008w\" src=\"http:\/\/madebyamo.oden.st\/wp-content\/uploads\/2010\/06\/DSC_0008w1-300x204.jpg\" alt=\"DSC_0008w\" width=\"300\" height=\"204\" srcset=\"http:\/\/madebyamo.oden.st\/wp-content\/uploads\/2010\/06\/DSC_0008w1-300x204.jpg 300w, http:\/\/madebyamo.oden.st\/wp-content\/uploads\/2010\/06\/DSC_0008w1.jpg 591w\" sizes=\"(max-width: 300px) 100vw, 300px\" \/><\/a><\/p>\n<p><em>Observera de \u00e5tervunna glasspinnarna som jag har som radmark\u00f6rer. S\u00e5 enkelt, men jag \u00e4r s\u00e5 stolt. \ud83d\ude09<\/em><\/p>\n<p>Jag rensar rabatter (Hrm, jod\u00e5 lite d\u00e5 och d\u00e5 ryker det en maskros eller kvanne), jag planterar, ja, det <em>g\u00f6r<\/em> jag faktiskt s\u00e5 fort jag f\u00e5r tillf\u00e4lle. men igelkotten gr\u00e4ver lika g\u00e4rna han i odlingsb\u00e4nken, och jag saftar. Vi har en fantastisk rabarberodling, och f\u00f6rutom paj och kr\u00e4m har det blivit en och annan liter hemkokt saft. Senast i m\u00e5ndags blev det en flaska saft till en v\u00e4n i f\u00f6delsedagspresent. Rabarber-hallon, en kombination som jag mer \u00e4n g\u00e4rna rekommenderar!<\/p>\n<p><a href=\"http:\/\/madebyamo.oden.st\/wp-content\/uploads\/2010\/06\/DSC_0067w.jpg\"><img decoding=\"async\" loading=\"lazy\" class=\"alignnone size-medium wp-image-410\" title=\"DSC_0067w\" src=\"http:\/\/madebyamo.oden.st\/wp-content\/uploads\/2010\/06\/DSC_0067w-190x300.jpg\" alt=\"DSC_0067w\" width=\"190\" height=\"300\" srcset=\"http:\/\/madebyamo.oden.st\/wp-content\/uploads\/2010\/06\/DSC_0067w-190x300.jpg 190w, http:\/\/madebyamo.oden.st\/wp-content\/uploads\/2010\/06\/DSC_0067w.jpg 376w\" sizes=\"(max-width: 190px) 100vw, 190px\" \/><\/a><\/p>\n<p><em>Rabarbersaft: En gryta full med rabarber och hallon, mer rabarber \u00e4n hallon d\u00e5 hallonsmaken g\u00e4rna tar \u00f6ver. 2 dl socker, 2-3 dl vatten. Koka och l\u00e5t rinna av i en saft-olle. <\/em><\/p>\n","protected":false},"excerpt":{"rendered":"<p>Ja, inte blir det s\u00e5 v\u00e4ldigt mycket sl\u00f6jdande nu under f\u00f6rsommaren. Jag syr och broderar p\u00e5 praktiken, och p\u00e5 bussen virkar jag. Men det hinner inte bli m\u00e5nga varv virkade [&hellip;]<\/p>\n","protected":false},"author":1,"featured_media":0,"comment_status":"open","ping_status":"closed","sticky":false,"template":"","format":"standard","meta":[],"categories":[19,20],"tags":[],"_links":{"self":[{"href":"http:\/\/madebyamo.oden.st\/index.php?rest_route=\/wp\/v2\/posts\/409"}],"collection":[{"href":"http:\/\/madebyamo.oden.st\/index.php?rest_route=\/wp\/v2\/posts"}],"about":[{"href":"http:\/\/madebyamo.oden.st\/index.php?rest_route=\/wp\/v2\/types\/post"}],"author":[{"embeddable":true,"href":"http:\/\/madebyamo.oden.st\/index.php?rest_route=\/wp\/v2\/users\/1"}],"replies":[{"embeddable":true,"href":"http:\/\/madebyamo.oden.st\/index.php?rest_route=%2Fwp%2Fv2%2Fcomments&post=409"}],"version-history":[{"count":7,"href":"http:\/\/madebyamo.oden.st\/index.php?rest_route=\/wp\/v2\/posts\/409\/revisions"}],"predecessor-version":[{"id":469,"href":"http:\/\/madebyamo.oden.st\/index.php?rest_route=\/wp\/v2\/posts\/409\/revisions\/469"}],"wp:attachment":[{"href":"http:\/\/madebyamo.oden.st\/index.php?rest_route=%2Fwp%2Fv2%2Fmedia&parent=409"}],"wp:term":[{"taxonomy":"category","embeddable":true,"href":"http:\/\/madebyamo.oden.st\/index.php?rest_route=%2Fwp%2Fv2%2Fcategories&post=409"},{"taxonomy":"post_tag","embeddable":true,"href":"http:\/\/madebyamo.oden.st\/index.php?rest_route=%2Fwp%2Fv2%2Ftags&post=409"}],"curies":[{"name":"wp","href":"https:\/\/api.w.org\/{rel}","templated":true}]}}