{"id":253,"date":"2009-12-06T23:03:12","date_gmt":"2009-12-06T23:03:12","guid":{"rendered":"http:\/\/madebyamo.oden.st\/?p=253"},"modified":"2010-02-25T20:32:44","modified_gmt":"2010-02-25T20:32:44","slug":"mossorna","status":"publish","type":"post","link":"http:\/\/madebyamo.oden.st\/?p=253","title":{"rendered":"M\u00f6ssorna"},"content":{"rendered":"<p>S\u00e5.<\/p>\n<p>Jag har en v\u00e4ldigt fin och mjuk halsduk. Den \u00e4r m\u00f6rkt r\u00f6d och jag ville g\u00e4rna ha en matchande m\u00f6ssa till den. S\u00e5 jag besl\u00f6t mig f\u00f6r att virka en. Jag har lite sv\u00e5rt f\u00f6r att f\u00f6lja m\u00f6nster, men det var ju en m\u00f6ssa till mig s\u00e5 hur sv\u00e5rt kunde det vara, jag kunde ju prova och justera vart eftersom jag virkade, t\u00e4nkte jag.<\/p>\n<p>M\u00f6ssa nummer ett virkade jag i ett tjockt r\u00f6tt garn med lite glada f\u00e4rgklickar i. Den blev nog bra, men inte stor nog \u00e5t mig. Omkretsen var v\u00e4l bra, om \u00e4n i tajtaste laget, det stora problemet var att den r\u00e4ckte knappt ner <em>till<\/em> \u00f6ronen och jag ville ju kunna dra ner den l\u00e5ngt <em>\u00f6ver<\/em> \u00f6ronen. Garnet var ocks\u00e5 slut. Men s\u00e5 uppt\u00e4ckte jag och min dotter att den passade henne. Allts\u00e5 k\u00f6pte jag inte mer garn utan gav jordgubbsm\u00f6ssan till henne.<\/p>\n<p><a href=\"http:\/\/madebyamo.oden.st\/wp-content\/uploads\/2009\/12\/luvaredl.jpg\"><img decoding=\"async\" loading=\"lazy\" class=\"alignnone size-thumbnail wp-image-242\" title=\"luvaredl\" src=\"http:\/\/madebyamo.oden.st\/wp-content\/uploads\/2009\/12\/luvaredl-150x150.jpg\" alt=\"luvaredl\" width=\"150\" height=\"150\" \/><\/a><\/p>\n<p>M\u00f6ssa nummer tv\u00e5 fick ett j\u00e4mnr\u00f6tt garn som jag k\u00f6pt p\u00e5 en marknad ett par veckor tidigare. Det var tunnare men lite k\u00e4rvare. Eftersom jag bara hade en h\u00e4rva av det s\u00e5 drygade jag ut det med detaljer i ett brunt garn av samma kvalit\u00e9. Nu f\u00f6rdubblade jag m\u00e4ngden maskor, och n\u00e4r jag b\u00f6rjade var m\u00f6ssan klart f\u00f6r stor. Efter ett varv med intag, f\u00f6r att f\u00e5 ett litet br\u00e4tte, s\u00e5 satt den l\u00f6st med bra. Den satt bra \u00e4nda fram till att jag b\u00f6rjade ta in den f\u00f6r att st\u00e4nga toppen. D\u00e5 krympte pl\u00f6tsligt omkretsen p\u00e5 hela m\u00f6ssan, och n\u00e4r hattm\u00f6ssan var klar s\u00e5 var den klart f\u00f6r liten f\u00f6r mig. Visst kunde jag bl\u00f6ta den och t\u00f6ja ut den, men d\u00e5 skulle det ju inte bli s\u00e5 t\u00e4t som jag ville. Efter en liten stund av funderande, ska jag verkligen repa upp den fina hattm\u00f6ssan, s\u00e5 provade jag den p\u00e5 min dotter. Ja, jo den passar, men egentligen ska huvudet vara ytterligare mindre f\u00f6r att formen ska komma till sin verkliga r\u00e4tt. Blir kanske en hatt till Skr\u00e5llan, som det ryktas att tomten kommer med&#8230;<\/p>\n<p><a href=\"http:\/\/madebyamo.oden.st\/wp-content\/uploads\/2009\/12\/hattm\u00f6ssal.jpg\"><img decoding=\"async\" loading=\"lazy\" class=\"alignnone size-thumbnail wp-image-241\" title=\"hattm\u00f6ssal\" src=\"http:\/\/madebyamo.oden.st\/wp-content\/uploads\/2009\/12\/hattm\u00f6ssal-150x150.jpg\" alt=\"hattm\u00f6ssal\" width=\"150\" height=\"150\" \/><\/a><\/p>\n<p>Nu \u00e4r jag v\u00e4ldigt tr\u00f6tt p\u00e5 r\u00f6tt garn. I garnkorgen ligger ett par h\u00e4rvor av ett tv\u00e5tr\u00e5digt garn, melerat i svart och r\u00f6tt. N\u00e4r jag virkat lite annat s\u00e5 ska jag ta och nysta upp dem och virka mig min r\u00f6da m\u00f6ssa. F\u00f6r \u00e4ven om en Skr\u00e5llan som kanske kommer, och en dotter har varsina r\u00f6da m\u00f6ssor, s\u00e5 st\u00e5r jag sj\u00e4lv fortfarande med huvudet bart.<\/p>\n","protected":false},"excerpt":{"rendered":"<p>S\u00e5. Jag har en v\u00e4ldigt fin och mjuk halsduk. Den \u00e4r m\u00f6rkt r\u00f6d och jag ville g\u00e4rna ha en matchande m\u00f6ssa till den. S\u00e5 jag besl\u00f6t mig f\u00f6r att virka [&hellip;]<\/p>\n","protected":false},"author":1,"featured_media":0,"comment_status":"open","ping_status":"closed","sticky":false,"template":"","format":"standard","meta":[],"categories":[5,12],"tags":[],"_links":{"self":[{"href":"http:\/\/madebyamo.oden.st\/index.php?rest_route=\/wp\/v2\/posts\/253"}],"collection":[{"href":"http:\/\/madebyamo.oden.st\/index.php?rest_route=\/wp\/v2\/posts"}],"about":[{"href":"http:\/\/madebyamo.oden.st\/index.php?rest_route=\/wp\/v2\/types\/post"}],"author":[{"embeddable":true,"href":"http:\/\/madebyamo.oden.st\/index.php?rest_route=\/wp\/v2\/users\/1"}],"replies":[{"embeddable":true,"href":"http:\/\/madebyamo.oden.st\/index.php?rest_route=%2Fwp%2Fv2%2Fcomments&post=253"}],"version-history":[{"count":6,"href":"http:\/\/madebyamo.oden.st\/index.php?rest_route=\/wp\/v2\/posts\/253\/revisions"}],"predecessor-version":[{"id":340,"href":"http:\/\/madebyamo.oden.st\/index.php?rest_route=\/wp\/v2\/posts\/253\/revisions\/340"}],"wp:attachment":[{"href":"http:\/\/madebyamo.oden.st\/index.php?rest_route=%2Fwp%2Fv2%2Fmedia&parent=253"}],"wp:term":[{"taxonomy":"category","embeddable":true,"href":"http:\/\/madebyamo.oden.st\/index.php?rest_route=%2Fwp%2Fv2%2Fcategories&post=253"},{"taxonomy":"post_tag","embeddable":true,"href":"http:\/\/madebyamo.oden.st\/index.php?rest_route=%2Fwp%2Fv2%2Ftags&post=253"}],"curies":[{"name":"wp","href":"https:\/\/api.w.org\/{rel}","templated":true}]}}