{"id":1444,"date":"2016-03-30T20:40:12","date_gmt":"2016-03-30T18:40:12","guid":{"rendered":"http:\/\/madebyamo.oden.st\/?p=1444"},"modified":"2017-01-20T20:53:48","modified_gmt":"2017-01-20T19:53:48","slug":"mars-den-bla-sjalen","status":"publish","type":"post","link":"http:\/\/madebyamo.oden.st\/?p=1444","title":{"rendered":"Mars, den bl\u00e5 sjalen"},"content":{"rendered":"<p><a href=\"http:\/\/madebyamo.oden.st\/?attachment_id=1445\" rel=\"attachment wp-att-1445\"><img decoding=\"async\" loading=\"lazy\" class=\"alignnone size-medium wp-image-1445\" src=\"http:\/\/madebyamo.oden.st\/wp-content\/uploads\/2017\/01\/rw2DSC_0017-300x200.jpg\" alt=\"rw2DSC_0017\" width=\"300\" height=\"200\" srcset=\"http:\/\/madebyamo.oden.st\/wp-content\/uploads\/2017\/01\/rw2DSC_0017-300x200.jpg 300w, http:\/\/madebyamo.oden.st\/wp-content\/uploads\/2017\/01\/rw2DSC_0017-199x132.jpg 199w, http:\/\/madebyamo.oden.st\/wp-content\/uploads\/2017\/01\/rw2DSC_0017.jpg 709w\" sizes=\"(max-width: 300px) 100vw, 300px\" \/><\/a> <a href=\"http:\/\/madebyamo.oden.st\/?attachment_id=1448\" rel=\"attachment wp-att-1448\"><img decoding=\"async\" loading=\"lazy\" class=\"alignnone size-medium wp-image-1448\" src=\"http:\/\/madebyamo.oden.st\/wp-content\/uploads\/2017\/01\/rwDSC_0020-300x200.jpg\" alt=\"rwDSC_0020\" width=\"300\" height=\"200\" srcset=\"http:\/\/madebyamo.oden.st\/wp-content\/uploads\/2017\/01\/rwDSC_0020-300x200.jpg 300w, http:\/\/madebyamo.oden.st\/wp-content\/uploads\/2017\/01\/rwDSC_0020-199x132.jpg 199w, http:\/\/madebyamo.oden.st\/wp-content\/uploads\/2017\/01\/rwDSC_0020.jpg 709w\" sizes=\"(max-width: 300px) 100vw, 300px\" \/><\/a><\/p>\n<p>I mars blir min bl\u00e5 sjal f\u00e4rdig. Med fransar och silvertr\u00e5dar och allt. Garnet \u00e4r\u00a0Manos del Uruguay, Silk Blend, en favorit d\u00e5 det \u00e4r lent som silke men varmt som ull!<\/p>\n<p>&nbsp;<\/p>\n<p><a href=\"http:\/\/madebyamo.oden.st\/?attachment_id=1446\" rel=\"attachment wp-att-1446\"><img decoding=\"async\" loading=\"lazy\" class=\"alignnone size-medium wp-image-1446\" src=\"http:\/\/madebyamo.oden.st\/wp-content\/uploads\/2017\/01\/rw12804201_10153675862988173_243825490_n-169x300.jpg\" alt=\"rw12804201_10153675862988173_243825490_n\" width=\"169\" height=\"300\" srcset=\"http:\/\/madebyamo.oden.st\/wp-content\/uploads\/2017\/01\/rw12804201_10153675862988173_243825490_n-169x300.jpg 169w, http:\/\/madebyamo.oden.st\/wp-content\/uploads\/2017\/01\/rw12804201_10153675862988173_243825490_n-199x354.jpg 199w, http:\/\/madebyamo.oden.st\/wp-content\/uploads\/2017\/01\/rw12804201_10153675862988173_243825490_n.jpg 399w\" sizes=\"(max-width: 169px) 100vw, 169px\" \/><\/a><\/p>\n<p>Min kjols\u00e4ck blev f\u00e4rdig dagarna innan Prolog (f\u00f6rsta helgen i mars). Broderierna \u00e4r silke och tyget kl\u00e4de. Jag b\u00e4r den till vardagskl\u00e4der och det \u00e4r s\u00e5 praktiskt med en l\u00f6s ficka n\u00e4r man inte har fickor p\u00e5 kl\u00e4derna, eller ist\u00e4llet f\u00f6r att kl\u00e4mma ner allt i en tr\u00e5ng jeansficka. Jag fattar inte att den inte anv\u00e4nds mer \u00e4n vad den g\u00f6r till vardags, nu f\u00f6r tiden ser man ju dem bara till folkdr\u00e4kter och i form av snickarb\u00e4lten.<\/p>\n<p>&nbsp;<\/p>\n<p><a href=\"http:\/\/madebyamo.oden.st\/?attachment_id=1447\" rel=\"attachment wp-att-1447\"><img decoding=\"async\" loading=\"lazy\" class=\"alignnone size-medium wp-image-1447\" src=\"http:\/\/madebyamo.oden.st\/wp-content\/uploads\/2017\/01\/rw220160301_212731-190x300.jpg\" alt=\"rw220160301_212731\" width=\"190\" height=\"300\" srcset=\"http:\/\/madebyamo.oden.st\/wp-content\/uploads\/2017\/01\/rw220160301_212731-190x300.jpg 190w, http:\/\/madebyamo.oden.st\/wp-content\/uploads\/2017\/01\/rw220160301_212731-199x314.jpg 199w, http:\/\/madebyamo.oden.st\/wp-content\/uploads\/2017\/01\/rw220160301_212731.jpg 449w\" sizes=\"(max-width: 190px) 100vw, 190px\" \/><\/a><\/p>\n<p>En annan Villh\u00f6ver-grej till Prolog. P\u00e5 Prolog 2016 fick man rabatt p\u00e5 te och kaffe omman hade med sig egen mugg\/kopp. S\u00e5 jag gjorde en kopph\u00e5llare att ha i b\u00e4ltet. \ud83d\ude42<\/p>\n<p>&nbsp;<\/p>\n<p>&nbsp;<\/p>\n<p><a href=\"http:\/\/madebyamo.oden.st\/?attachment_id=1449\" rel=\"attachment wp-att-1449\"><img decoding=\"async\" loading=\"lazy\" class=\"alignnone size-medium wp-image-1449\" src=\"http:\/\/madebyamo.oden.st\/wp-content\/uploads\/2017\/01\/tehuva-165x300.jpg\" alt=\"tehuva\" width=\"165\" height=\"300\" srcset=\"http:\/\/madebyamo.oden.st\/wp-content\/uploads\/2017\/01\/tehuva-165x300.jpg 165w, http:\/\/madebyamo.oden.st\/wp-content\/uploads\/2017\/01\/tehuva-199x362.jpg 199w, http:\/\/madebyamo.oden.st\/wp-content\/uploads\/2017\/01\/tehuva.jpg 528w\" sizes=\"(max-width: 165px) 100vw, 165px\" \/><br \/>\n<\/a><\/p>\n<p>Och l\u00e4ngst ner i mappen f\u00f6r mars hittade jag min &#8220;lilla&#8221; tehuva (Att j\u00e4mf\u00f6ra med den <a href=\"http:\/\/madebyamo.oden.st\/?p=1335\">stora<\/a> som tv\u00e5 kannor f\u00e5r plats i). Sydd i vadmal, fodrad med tryckt bomullstyg. Lagom stor f\u00f6r de flesta av mina kannor.<\/p>\n","protected":false},"excerpt":{"rendered":"<p>I mars blir min bl\u00e5 sjal f\u00e4rdig. Med fransar och silvertr\u00e5dar och allt. Garnet \u00e4r\u00a0Manos del Uruguay, Silk Blend, en favorit d\u00e5 det \u00e4r lent som silke men varmt som [&hellip;]<\/p>\n","protected":false},"author":1,"featured_media":1445,"comment_status":"open","ping_status":"open","sticky":false,"template":"","format":"standard","meta":[],"categories":[11,5,17],"tags":[],"_links":{"self":[{"href":"http:\/\/madebyamo.oden.st\/index.php?rest_route=\/wp\/v2\/posts\/1444"}],"collection":[{"href":"http:\/\/madebyamo.oden.st\/index.php?rest_route=\/wp\/v2\/posts"}],"about":[{"href":"http:\/\/madebyamo.oden.st\/index.php?rest_route=\/wp\/v2\/types\/post"}],"author":[{"embeddable":true,"href":"http:\/\/madebyamo.oden.st\/index.php?rest_route=\/wp\/v2\/users\/1"}],"replies":[{"embeddable":true,"href":"http:\/\/madebyamo.oden.st\/index.php?rest_route=%2Fwp%2Fv2%2Fcomments&post=1444"}],"version-history":[{"count":1,"href":"http:\/\/madebyamo.oden.st\/index.php?rest_route=\/wp\/v2\/posts\/1444\/revisions"}],"predecessor-version":[{"id":1450,"href":"http:\/\/madebyamo.oden.st\/index.php?rest_route=\/wp\/v2\/posts\/1444\/revisions\/1450"}],"wp:featuredmedia":[{"embeddable":true,"href":"http:\/\/madebyamo.oden.st\/index.php?rest_route=\/wp\/v2\/media\/1445"}],"wp:attachment":[{"href":"http:\/\/madebyamo.oden.st\/index.php?rest_route=%2Fwp%2Fv2%2Fmedia&parent=1444"}],"wp:term":[{"taxonomy":"category","embeddable":true,"href":"http:\/\/madebyamo.oden.st\/index.php?rest_route=%2Fwp%2Fv2%2Fcategories&post=1444"},{"taxonomy":"post_tag","embeddable":true,"href":"http:\/\/madebyamo.oden.st\/index.php?rest_route=%2Fwp%2Fv2%2Ftags&post=1444"}],"curies":[{"name":"wp","href":"https:\/\/api.w.org\/{rel}","templated":true}]}}