{"id":1153,"date":"2013-11-12T09:39:00","date_gmt":"2013-11-12T08:39:00","guid":{"rendered":"http:\/\/madebyamo.oden.st\/?p=1153"},"modified":"2013-11-12T09:42:18","modified_gmt":"2013-11-12T08:42:18","slug":"att-virka-provlappar","status":"publish","type":"post","link":"http:\/\/madebyamo.oden.st\/?p=1153","title":{"rendered":"Att virka provlappar&#8230;"},"content":{"rendered":"<p>Det \u00e4r ju superbra att g\u00f6ra provlappar. Provlappar med olika stygn, provlappar f\u00f6r att testa hur h\u00e5rt man stickar eller virkar innan man s\u00e4tter ig\u00e5ng storprojektet. Men jisses s\u00e5 tr\u00e5kigt.<\/p>\n<p>Och vad ska man g\u00f6ra med lapparna n\u00e4r de \u00e4r f\u00e4rdiga?<\/p>\n<p>Jag g\u00f6r provlappar p\u00e5 mitt egna s\u00e4tt. Testar stygn p\u00e5 provlappar som jag sedan kan g\u00f6ra n\u00e5got annat av. N\u00e5gra har har blivit fodral eller p\u00e5sar av olika slag. Anv\u00e4ndbara saker.<\/p>\n<p>Just nu f\u00f6rs\u00f6ker jag f\u00e5 ihop ett par dr\u00f6m-torgvantar. Hittade tre underbara f\u00e4rger av det h\u00e4rliga Lace, och kunde inte v\u00e4lja. Det fick bli alla tre och n\u00e4r bitr\u00e4det i butiken kommenterade den h\u00e4rliga f\u00e4rgkombinationen s\u00e5g jag direkt framf\u00f6r mig ett par torgvantar med alla tre f\u00e4rger.<\/p>\n<p>Jag s\u00e5g framf\u00f6r mig ett par torgvantar med varma f\u00e4rger och intrikata m\u00f6nster liknande de tv\u00e5\u00e4ndsstickade man ibland ser och blir s\u00e5 lycklig av.\u00a0Eller vanliga torgvantar med s\u00e5 h\u00e4ftiga.<\/p>\n<p><a href=\"http:\/\/entill.typepad.com\/entill\/2012\/10\/l%C3%A4get-p%C3%A5-vantfronten.html\"><img decoding=\"async\" loading=\"lazy\" class=\"alignnone size-medium wp-image-1154\" alt=\"6a00d8345163e369e2017d3cb2f921970c-320wi\" src=\"http:\/\/madebyamo.oden.st\/wp-content\/uploads\/2013\/11\/6a00d8345163e369e2017d3cb2f921970c-320wi-300x217.jpg\" width=\"300\" height=\"217\" srcset=\"http:\/\/madebyamo.oden.st\/wp-content\/uploads\/2013\/11\/6a00d8345163e369e2017d3cb2f921970c-320wi-300x217.jpg 300w, http:\/\/madebyamo.oden.st\/wp-content\/uploads\/2013\/11\/6a00d8345163e369e2017d3cb2f921970c-320wi-150x108.jpg 150w, http:\/\/madebyamo.oden.st\/wp-content\/uploads\/2013\/11\/6a00d8345163e369e2017d3cb2f921970c-320wi.jpg 320w\" sizes=\"(max-width: 300px) 100vw, 300px\" \/><\/a>\u00a0 \u00a0<a href=\"http:\/\/stickapalandet.blogspot.se\/2013\/10\/ett-ufo-mindre.html\"><img decoding=\"async\" loading=\"lazy\" class=\"alignnone size-medium wp-image-1155\" alt=\"blogger-image--96847365\" src=\"http:\/\/madebyamo.oden.st\/wp-content\/uploads\/2013\/11\/blogger-image-96847365-203x300.jpg\" width=\"203\" height=\"300\" srcset=\"http:\/\/madebyamo.oden.st\/wp-content\/uploads\/2013\/11\/blogger-image-96847365-203x300.jpg 203w, http:\/\/madebyamo.oden.st\/wp-content\/uploads\/2013\/11\/blogger-image-96847365-101x150.jpg 101w, http:\/\/madebyamo.oden.st\/wp-content\/uploads\/2013\/11\/blogger-image-96847365.jpg 325w\" sizes=\"(max-width: 203px) 100vw, 203px\" \/><\/a><\/p>\n<p><a href=\"http:\/\/pysselmani.se\/2013\/04\/sticktraff-i-norrkoping\/\"><img decoding=\"async\" loading=\"lazy\" class=\"alignnone size-medium wp-image-1156\" alt=\"sticktr\u00e4ff1f\" src=\"http:\/\/madebyamo.oden.st\/wp-content\/uploads\/2013\/11\/sticktr\u00e4ff1f-300x178.jpg\" width=\"300\" height=\"178\" srcset=\"http:\/\/madebyamo.oden.st\/wp-content\/uploads\/2013\/11\/sticktr\u00e4ff1f-300x178.jpg 300w, http:\/\/madebyamo.oden.st\/wp-content\/uploads\/2013\/11\/sticktr\u00e4ff1f-150x89.jpg 150w, http:\/\/madebyamo.oden.st\/wp-content\/uploads\/2013\/11\/sticktr\u00e4ff1f-400x237.jpg 400w, http:\/\/madebyamo.oden.st\/wp-content\/uploads\/2013\/11\/sticktr\u00e4ff1f.jpg 500w\" sizes=\"(max-width: 300px) 100vw, 300px\" \/><\/a>\u00a0 \u00a0<a href=\"http:\/\/mittispenaten.blogg.se\/2010\/january\/tema-fredag-handens-verk.html\"><img decoding=\"async\" loading=\"lazy\" class=\"alignnone size-medium wp-image-1157\" alt=\"torgvante_bearbeitet-1_71489924\" src=\"http:\/\/madebyamo.oden.st\/wp-content\/uploads\/2013\/11\/torgvante_bearbeitet-1_71489924-300x201.jpg\" width=\"300\" height=\"201\" srcset=\"http:\/\/madebyamo.oden.st\/wp-content\/uploads\/2013\/11\/torgvante_bearbeitet-1_71489924-300x201.jpg 300w, http:\/\/madebyamo.oden.st\/wp-content\/uploads\/2013\/11\/torgvante_bearbeitet-1_71489924-150x100.jpg 150w, http:\/\/madebyamo.oden.st\/wp-content\/uploads\/2013\/11\/torgvante_bearbeitet-1_71489924.jpg 400w\" sizes=\"(max-width: 300px) 100vw, 300px\" \/><\/a><\/p>\n<p>&nbsp;<\/p>\n<p>&nbsp;<\/p>\n<p>Men jag stickar ju inte.<\/p>\n<p>Och virkm\u00f6nster p\u00e5 vantar \u00e4r ju som sagt inte s\u00e5 gott om.<\/p>\n<p>S\u00e5 nu f\u00f6rs\u00f6ker jag ta fram ett eget m\u00f6nster. Och det \u00e4r klart att d\u00e5 provar man sig ju fram en hel del. H\u00e4r \u00e4r en variant som jag sparat och gjort en minimanchett av. S\u00e5 n\u00f6jd med den s\u00e5 den kommer att f\u00e5 en maka bara att ha till fint. \ud83d\ude42<\/p>\n<p><a href=\"http:\/\/madebyamo.oden.st\/wp-content\/uploads\/2013\/11\/RWDSC_0007.jpg\"><img decoding=\"async\" loading=\"lazy\" class=\"alignnone size-medium wp-image-1158\" style=\"border: 1px solid black;\" alt=\"RWDSC_0007\" src=\"http:\/\/madebyamo.oden.st\/wp-content\/uploads\/2013\/11\/RWDSC_0007-300x199.jpg\" width=\"300\" height=\"199\" srcset=\"http:\/\/madebyamo.oden.st\/wp-content\/uploads\/2013\/11\/RWDSC_0007-300x199.jpg 300w, http:\/\/madebyamo.oden.st\/wp-content\/uploads\/2013\/11\/RWDSC_0007-150x99.jpg 150w, http:\/\/madebyamo.oden.st\/wp-content\/uploads\/2013\/11\/RWDSC_0007-400x266.jpg 400w, http:\/\/madebyamo.oden.st\/wp-content\/uploads\/2013\/11\/RWDSC_0007.jpg 709w\" sizes=\"(max-width: 300px) 100vw, 300px\" \/><\/a><\/p>\n<p>Garnet, Lace, best\u00e5r av alpacka och silke. Det g\u00f6r det glatt och sm\u00e5tt att virka med, men tunt och varmt och vackert att p\u00e5 sig. Efter fototillf\u00e4llet drog jag en svart tunn res\u00e5r p\u00e5 insidan av den r\u00f6da randen i mitten f\u00f6r att f\u00e5 manchetten \u00e4nnu krusigare. Blev riktigt bra!<\/p>\n<p>Idag \u00e4r det ocks\u00e5 tisdag, och syjunta p\u00e5 Husmorskolan. Titta vad de andra gjort under veckan <a href=\"http:\/\/husmorsskolan.blogspot.se\/\">h\u00e4r<\/a>.<\/p>\n<p>&nbsp;<\/p>\n","protected":false},"excerpt":{"rendered":"<p>Det \u00e4r ju superbra att g\u00f6ra provlappar. Provlappar med olika stygn, provlappar f\u00f6r att testa hur h\u00e5rt man stickar eller virkar innan man s\u00e4tter ig\u00e5ng storprojektet. Men jisses s\u00e5 tr\u00e5kigt. [&hellip;]<\/p>\n","protected":false},"author":1,"featured_media":0,"comment_status":"open","ping_status":"open","sticky":false,"template":"","format":"standard","meta":[],"categories":[12],"tags":[],"_links":{"self":[{"href":"http:\/\/madebyamo.oden.st\/index.php?rest_route=\/wp\/v2\/posts\/1153"}],"collection":[{"href":"http:\/\/madebyamo.oden.st\/index.php?rest_route=\/wp\/v2\/posts"}],"about":[{"href":"http:\/\/madebyamo.oden.st\/index.php?rest_route=\/wp\/v2\/types\/post"}],"author":[{"embeddable":true,"href":"http:\/\/madebyamo.oden.st\/index.php?rest_route=\/wp\/v2\/users\/1"}],"replies":[{"embeddable":true,"href":"http:\/\/madebyamo.oden.st\/index.php?rest_route=%2Fwp%2Fv2%2Fcomments&post=1153"}],"version-history":[{"count":4,"href":"http:\/\/madebyamo.oden.st\/index.php?rest_route=\/wp\/v2\/posts\/1153\/revisions"}],"predecessor-version":[{"id":1162,"href":"http:\/\/madebyamo.oden.st\/index.php?rest_route=\/wp\/v2\/posts\/1153\/revisions\/1162"}],"wp:attachment":[{"href":"http:\/\/madebyamo.oden.st\/index.php?rest_route=%2Fwp%2Fv2%2Fmedia&parent=1153"}],"wp:term":[{"taxonomy":"category","embeddable":true,"href":"http:\/\/madebyamo.oden.st\/index.php?rest_route=%2Fwp%2Fv2%2Fcategories&post=1153"},{"taxonomy":"post_tag","embeddable":true,"href":"http:\/\/madebyamo.oden.st\/index.php?rest_route=%2Fwp%2Fv2%2Ftags&post=1153"}],"curies":[{"name":"wp","href":"https:\/\/api.w.org\/{rel}","templated":true}]}}