{"id":1084,"date":"2013-06-09T15:02:27","date_gmt":"2013-06-09T13:02:27","guid":{"rendered":"http:\/\/madebyamo.oden.st\/?p=1084"},"modified":"2016-03-14T10:32:46","modified_gmt":"2016-03-14T09:32:46","slug":"kjolsack-2","status":"publish","type":"post","link":"http:\/\/madebyamo.oden.st\/?p=1084","title":{"rendered":"Kjols\u00e4ck"},"content":{"rendered":"<p>P\u00e5 Niklas och Mys br\u00f6llop var det kl\u00e4dkod medeltid som g\u00e4llde. Efter att ha konfererat med brudgummen gick till min l\u00e4ttnad \u00e4ven bra med vikingatid. S\u00e5 jag fick en urs\u00e4kt till att brodera ytterligare p\u00e5 min h\u00e4ngselkl\u00e4nning. Medan jag satt med den funderade jag p\u00e5 det h\u00e4r med handv\u00e4ska. Traditionellt s\u00e5 brukar man ju ha en b\u00e4ltesv\u00e4ska till vikingakl\u00e4der, men jag var ute efter n\u00e5got mer kvinnligt, och dessutom den b\u00e4ltesv\u00e4ska jag har hade jag lovat l\u00e5na till min man. S\u00e5dana d\u00e4r vackra p\u00e5sar med tofsar, njae det \u00e4r medeltid \u00e4n vikingatid. Efter en stunds funderande och utan n\u00e5got som helst historiskt bekr\u00e4ftat beslutade jag att g\u00f6ra en kjols\u00e4ck som de som man har till folkdr\u00e4kter och brodera n\u00e5got typiskt vikingatid p\u00e5 den.<\/p>\n<p>Det blev en stiliserad bild med Yggdrasil, som hade en torshammare som stam. Och s\u00e5 lite vikingatida slingor s\u00e5klart&#8230;<\/p>\n<p>&nbsp;<\/p>\n<p style=\"text-align: center;\"><a href=\"http:\/\/madebyamo.oden.st\/wp-content\/uploads\/2013\/06\/rwDSC_0008.jpg\"><img decoding=\"async\" loading=\"lazy\" class=\"aligncenter wp-image-1085\" src=\"http:\/\/madebyamo.oden.st\/wp-content\/uploads\/2013\/06\/rwDSC_0008.jpg\" alt=\"rwDSC_0008\" width=\"728\" height=\"567\" srcset=\"http:\/\/madebyamo.oden.st\/wp-content\/uploads\/2013\/06\/rwDSC_0008.jpg 910w, http:\/\/madebyamo.oden.st\/wp-content\/uploads\/2013\/06\/rwDSC_0008-300x233.jpg 300w, http:\/\/madebyamo.oden.st\/wp-content\/uploads\/2013\/06\/rwDSC_0008-150x116.jpg 150w, http:\/\/madebyamo.oden.st\/wp-content\/uploads\/2013\/06\/rwDSC_0008-400x311.jpg 400w\" sizes=\"(max-width: 728px) 100vw, 728px\" \/><\/a><\/p>\n<p style=\"text-align: center;\">Tyv\u00e4rr kom ingen p\u00e5 att ta ett foto av mig i hela utstyrseln, s\u00e5 ni f\u00e5r h\u00e5lla tillgodo med en bild p\u00e5 kjols\u00e4cken, s\u00e5 f\u00e5r jag se om jag lyckas f\u00e5 bild p\u00e5 hela dr\u00e4kten n\u00e5gon annan g\u00e5ng. Men jag kan s\u00e4ga att jag var supern\u00f6jd med b\u00e5de kjols\u00e4ck och dr\u00e4kt, och det k\u00e4ndes faktiskt mer som att jag bar en folkdr\u00e4kt \u00e4n n\u00e5got annat.<\/p>\n","protected":false},"excerpt":{"rendered":"<p>P\u00e5 Niklas och Mys br\u00f6llop var det kl\u00e4dkod medeltid som g\u00e4llde. Efter att ha konfererat med brudgummen gick till min l\u00e4ttnad \u00e4ven bra med vikingatid. S\u00e5 jag fick en urs\u00e4kt [&hellip;]<\/p>\n","protected":false},"author":1,"featured_media":1085,"comment_status":"open","ping_status":"open","sticky":false,"template":"","format":"standard","meta":[],"categories":[11],"tags":[],"_links":{"self":[{"href":"http:\/\/madebyamo.oden.st\/index.php?rest_route=\/wp\/v2\/posts\/1084"}],"collection":[{"href":"http:\/\/madebyamo.oden.st\/index.php?rest_route=\/wp\/v2\/posts"}],"about":[{"href":"http:\/\/madebyamo.oden.st\/index.php?rest_route=\/wp\/v2\/types\/post"}],"author":[{"embeddable":true,"href":"http:\/\/madebyamo.oden.st\/index.php?rest_route=\/wp\/v2\/users\/1"}],"replies":[{"embeddable":true,"href":"http:\/\/madebyamo.oden.st\/index.php?rest_route=%2Fwp%2Fv2%2Fcomments&post=1084"}],"version-history":[{"count":2,"href":"http:\/\/madebyamo.oden.st\/index.php?rest_route=\/wp\/v2\/posts\/1084\/revisions"}],"predecessor-version":[{"id":1404,"href":"http:\/\/madebyamo.oden.st\/index.php?rest_route=\/wp\/v2\/posts\/1084\/revisions\/1404"}],"wp:featuredmedia":[{"embeddable":true,"href":"http:\/\/madebyamo.oden.st\/index.php?rest_route=\/wp\/v2\/media\/1085"}],"wp:attachment":[{"href":"http:\/\/madebyamo.oden.st\/index.php?rest_route=%2Fwp%2Fv2%2Fmedia&parent=1084"}],"wp:term":[{"taxonomy":"category","embeddable":true,"href":"http:\/\/madebyamo.oden.st\/index.php?rest_route=%2Fwp%2Fv2%2Fcategories&post=1084"},{"taxonomy":"post_tag","embeddable":true,"href":"http:\/\/madebyamo.oden.st\/index.php?rest_route=%2Fwp%2Fv2%2Ftags&post=1084"}],"curies":[{"name":"wp","href":"https:\/\/api.w.org\/{rel}","templated":true}]}}