{"id":1052,"date":"2013-03-24T14:14:52","date_gmt":"2013-03-24T13:14:52","guid":{"rendered":"http:\/\/madebyamo.oden.st\/?p=1052"},"modified":"2013-03-24T14:14:52","modified_gmt":"2013-03-24T13:14:52","slug":"glad-pask-2","status":"publish","type":"post","link":"http:\/\/madebyamo.oden.st\/?p=1052","title":{"rendered":"Glad P\u00e5sk!"},"content":{"rendered":"<p>Idag k\u00e4nde jag att det var dags att p\u00e5skpynta lite.<\/p>\n<p>Egentligen\u00a0skulle\u00a0vi ha barnkalas med pirattema idag och vi hade laddat f\u00f6r att g\u00f6ra pirathattar och g\u00e5 p\u00e5 skattjakt. Men n\u00e4r dottern b\u00f6rjade klaga \u00f6ver ont i ena \u00f6rat och <em>\u00f6gonen<\/em> b\u00f6rjade <em>snora<\/em> av \u00f6goninflammation.. D\u00e5 var det bara att st\u00e4lla in. \u00a0Nu har familjen vikt pirathattar av stora pappersark ( traditionellt brukar man anv\u00e4nda en tidning men vi tog papper fr\u00e5n rit-tavlan, vet du inte hur man g\u00f6r, finns en enkel variant p\u00e5 det h\u00e4r: http:\/\/youtu.be\/Ca4lrMd-MrA) \u00a0iallafall, och kikare av toarullar.<\/p>\n<p>Jag k\u00e4nde att det r\u00e4ckte inte som pyssel idag utan jag tog fram gamla julkransen och gjorde om den till en p\u00e5skkrans ist\u00e4llet. Jag har t\u00e4nkt enligt principen &#8220;man taver vad man haver&#8221; och anv\u00e4nt servetter\u00a0och fj\u00e4drar, s\u00e5 nu\u00a0g\u00e4ller\u00a0det att p\u00e5skveckan blir torr. Men glad och p\u00e5skig tycker jag definitivt att den blev. \ud83d\ude42<\/p>\n<p><a href=\"http:\/\/madebyamo.oden.st\/wp-content\/uploads\/2013\/03\/WRDSC_0036.jpg\"><img decoding=\"async\" loading=\"lazy\" class=\"aligncenter size-full wp-image-1053\" alt=\"WRDSC_0036\" src=\"http:\/\/madebyamo.oden.st\/wp-content\/uploads\/2013\/03\/WRDSC_0036.jpg\" width=\"467\" height=\"709\" srcset=\"http:\/\/madebyamo.oden.st\/wp-content\/uploads\/2013\/03\/WRDSC_0036.jpg 467w, http:\/\/madebyamo.oden.st\/wp-content\/uploads\/2013\/03\/WRDSC_0036-197x300.jpg 197w, http:\/\/madebyamo.oden.st\/wp-content\/uploads\/2013\/03\/WRDSC_0036-98x150.jpg 98w, http:\/\/madebyamo.oden.st\/wp-content\/uploads\/2013\/03\/WRDSC_0036-400x607.jpg 400w\" sizes=\"(max-width: 467px) 100vw, 467px\" \/><\/a><\/p>\n","protected":false},"excerpt":{"rendered":"<p>Idag k\u00e4nde jag att det var dags att p\u00e5skpynta lite. Egentligen\u00a0skulle\u00a0vi ha barnkalas med pirattema idag och vi hade laddat f\u00f6r att g\u00f6ra pirathattar och g\u00e5 p\u00e5 skattjakt. Men n\u00e4r [&hellip;]<\/p>\n","protected":false},"author":1,"featured_media":0,"comment_status":"open","ping_status":"open","sticky":false,"template":"","format":"standard","meta":[],"categories":[28,21],"tags":[],"_links":{"self":[{"href":"http:\/\/madebyamo.oden.st\/index.php?rest_route=\/wp\/v2\/posts\/1052"}],"collection":[{"href":"http:\/\/madebyamo.oden.st\/index.php?rest_route=\/wp\/v2\/posts"}],"about":[{"href":"http:\/\/madebyamo.oden.st\/index.php?rest_route=\/wp\/v2\/types\/post"}],"author":[{"embeddable":true,"href":"http:\/\/madebyamo.oden.st\/index.php?rest_route=\/wp\/v2\/users\/1"}],"replies":[{"embeddable":true,"href":"http:\/\/madebyamo.oden.st\/index.php?rest_route=%2Fwp%2Fv2%2Fcomments&post=1052"}],"version-history":[{"count":1,"href":"http:\/\/madebyamo.oden.st\/index.php?rest_route=\/wp\/v2\/posts\/1052\/revisions"}],"predecessor-version":[{"id":1054,"href":"http:\/\/madebyamo.oden.st\/index.php?rest_route=\/wp\/v2\/posts\/1052\/revisions\/1054"}],"wp:attachment":[{"href":"http:\/\/madebyamo.oden.st\/index.php?rest_route=%2Fwp%2Fv2%2Fmedia&parent=1052"}],"wp:term":[{"taxonomy":"category","embeddable":true,"href":"http:\/\/madebyamo.oden.st\/index.php?rest_route=%2Fwp%2Fv2%2Fcategories&post=1052"},{"taxonomy":"post_tag","embeddable":true,"href":"http:\/\/madebyamo.oden.st\/index.php?rest_route=%2Fwp%2Fv2%2Ftags&post=1052"}],"curies":[{"name":"wp","href":"https:\/\/api.w.org\/{rel}","templated":true}]}}