{"id":1048,"date":"2013-02-28T20:53:34","date_gmt":"2013-02-28T19:53:34","guid":{"rendered":"http:\/\/madebyamo.oden.st\/?p=1048"},"modified":"2016-03-14T10:45:05","modified_gmt":"2016-03-14T09:45:05","slug":"usb-stickor","status":"publish","type":"post","link":"http:\/\/madebyamo.oden.st\/?p=1048","title":{"rendered":"USB-stickor"},"content":{"rendered":"<p>Jag g\u00e5r ju och l\u00e4ser till GIS-tekniker det h\u00e4r \u00e5ret. (GIS= geografisk information system, t\u00e4nk digitala kartor fullsp\u00e4ckade med information \u00a0helt enkelt.)<\/p>\n<p>Under lokalerna finns det en databutik. S\u00e5 d\u00e5 \u00e4r det ganska enkelt att r\u00e4kna ut, att n\u00e4r l\u00e4rarna pl\u00f6tsligt s\u00e4ger att det \u00e4r v\u00e4ldigt bra med en usb-sticka, s\u00e5 att man kan ta hem sina arbeten och f\u00f6rel\u00e4sningarnas pdf:er, s\u00e5 g\u00e5r en stor del av klassen ner till databutiken och k\u00f6per sig ett usb-minne av rekommenderad storlek. Och n\u00e4r de kommer upp igen, och s\u00e4ger att butiken har mellandagsrea och s\u00e4ljer just usb-minnen f\u00f6r halva priset, ja d\u00e5 har pl\u00f6tsligt 70% av klassen likadana minnesstickor&#8230;<\/p>\n<p>Vissa satte en nyckelring p\u00e5 stickan f\u00f6r att se vilket minne som var deras. F\u00f6r hur kul \u00e4r det med 15 st svarta minnesstickor i\u00a0klassrummet, man vill ju utm\u00e4rka sig lite liksom. S\u00e5 jag tog hem mitt minne, och kl\u00e4dde det i skinn och lekte sedan lite&#8230; Och hur det nu gick till hade jag pl\u00f6tsligt tv\u00e5 pimpade usb-minnen&#8230;<\/p>\n<p><a href=\"http:\/\/madebyamo.oden.st\/?attachment_id=1049\" rel=\"attachment wp-att-1049\"><img decoding=\"async\" loading=\"lazy\" class=\"aligncenter size-medium wp-image-1049\" src=\"http:\/\/madebyamo.oden.st\/wp-content\/uploads\/2013\/02\/DSC_0294b-300x199.jpg\" alt=\"DSC_0294b\" width=\"300\" height=\"199\" srcset=\"http:\/\/madebyamo.oden.st\/wp-content\/uploads\/2013\/02\/DSC_0294b-300x199.jpg 300w, http:\/\/madebyamo.oden.st\/wp-content\/uploads\/2013\/02\/DSC_0294b-150x99.jpg 150w, http:\/\/madebyamo.oden.st\/wp-content\/uploads\/2013\/02\/DSC_0294b-400x265.jpg 400w, http:\/\/madebyamo.oden.st\/wp-content\/uploads\/2013\/02\/DSC_0294b.jpg 650w\" sizes=\"(max-width: 300px) 100vw, 300px\" \/><\/a><\/p>\n<p>&nbsp;<\/p>\n<p>Symaskinen \u00e4r i grunden av vit metall, men det tyckte jag inte passade s\u00e5 bra till det bruna skinnet, s\u00e5 jag plockade fram lite f\u00e4rg. Skinnet \u00e4r en liten spillbit som dr\u00e4llt i min spill\u00e5da. Stickan med nyckelh\u00e5let ska f\u00e5 en nyckel i h\u00e4nget ocks\u00e5, jag ska bara hitta en. \ud83d\ude1b<\/p>\n<p>&nbsp;<\/p>\n","protected":false},"excerpt":{"rendered":"<p>Jag g\u00e5r ju och l\u00e4ser till GIS-tekniker det h\u00e4r \u00e5ret. (GIS= geografisk information system, t\u00e4nk digitala kartor fullsp\u00e4ckade med information \u00a0helt enkelt.) Under lokalerna finns det en databutik. S\u00e5 d\u00e5 [&hellip;]<\/p>\n","protected":false},"author":1,"featured_media":1049,"comment_status":"open","ping_status":"open","sticky":false,"template":"","format":"standard","meta":[],"categories":[18,13],"tags":[],"_links":{"self":[{"href":"http:\/\/madebyamo.oden.st\/index.php?rest_route=\/wp\/v2\/posts\/1048"}],"collection":[{"href":"http:\/\/madebyamo.oden.st\/index.php?rest_route=\/wp\/v2\/posts"}],"about":[{"href":"http:\/\/madebyamo.oden.st\/index.php?rest_route=\/wp\/v2\/types\/post"}],"author":[{"embeddable":true,"href":"http:\/\/madebyamo.oden.st\/index.php?rest_route=\/wp\/v2\/users\/1"}],"replies":[{"embeddable":true,"href":"http:\/\/madebyamo.oden.st\/index.php?rest_route=%2Fwp%2Fv2%2Fcomments&post=1048"}],"version-history":[{"count":2,"href":"http:\/\/madebyamo.oden.st\/index.php?rest_route=\/wp\/v2\/posts\/1048\/revisions"}],"predecessor-version":[{"id":1413,"href":"http:\/\/madebyamo.oden.st\/index.php?rest_route=\/wp\/v2\/posts\/1048\/revisions\/1413"}],"wp:featuredmedia":[{"embeddable":true,"href":"http:\/\/madebyamo.oden.st\/index.php?rest_route=\/wp\/v2\/media\/1049"}],"wp:attachment":[{"href":"http:\/\/madebyamo.oden.st\/index.php?rest_route=%2Fwp%2Fv2%2Fmedia&parent=1048"}],"wp:term":[{"taxonomy":"category","embeddable":true,"href":"http:\/\/madebyamo.oden.st\/index.php?rest_route=%2Fwp%2Fv2%2Fcategories&post=1048"},{"taxonomy":"post_tag","embeddable":true,"href":"http:\/\/madebyamo.oden.st\/index.php?rest_route=%2Fwp%2Fv2%2Ftags&post=1048"}],"curies":[{"name":"wp","href":"https:\/\/api.w.org\/{rel}","templated":true}]}}